{"id":458,"date":"2018-10-19T08:59:01","date_gmt":"2018-10-19T11:59:01","guid":{"rendered":"https:\/\/www.arte.unicen.edu.ar\/sustentarte\/?p=458"},"modified":"2018-12-05T13:18:33","modified_gmt":"2018-12-05T16:18:33","slug":"resultados-de-la-convocatoria-actividades-estudiantiles-de-extension","status":"publish","type":"post","link":"https:\/\/www.arte.unicen.edu.ar\/sustentarte\/index.php\/2018\/10\/19\/resultados-de-la-convocatoria-actividades-estudiantiles-de-extension\/","title":{"rendered":"Resultados de la convocatoria \u201cActiv. Estudiantiles de Extensi\u00f3n\u201d"},"content":{"rendered":"<p style=\"text-align: justify;\">Martes 16 de Octubre de 2018.<\/p>\n<p style=\"text-align: justify;\">En el marco de la\u00a0primera convocatoria a <strong>\u201cActividades Estudiantiles de Extensi\u00f3n\u201d,<\/strong> impulsada por la Secretar\u00eda de Extensi\u00f3n de Rectorado, conjuntamente con las Secretar\u00edas de Extensi\u00f3n de las Unidades Acad\u00e9micas, participaron un total de 22 propuestas de las cuales, luego de un proceso de evaluaci\u00f3n, resultaron seleccionadas para su financiamiento 16 propuestas. Entre ellas, 1 de la Facultad de Arte a cargo del estudiante<strong>\u00a0Mat\u00edas Emiliano Silva Villamayor.\u00a0<\/strong><\/p>\n<p style=\"text-align: justify;\">La propuesta presentada desde Arte tiene como objetivo principal plasmar a trav\u00e9s de medios de registro digitales la necesidad de participar activamente en el reciclado de material PET que se encuentra en mayor grado en las botellas de bebidas gaseosas. El formato de presentaci\u00f3n elegido para este material audiovisual ser\u00e1 la video instalaci\u00f3n y est\u00e1 prevista su presentaci\u00f3n en la\u00a0Escuela de Educaci\u00f3n Secundaria N\u00b0 6 de la ciudad de Azul.\u00a0 Como parte del proyecto se prev\u00e9 la producci\u00f3n y desarrollo de una plataforma virtual de acceso a toda la comunidad, a trav\u00e9s de la cual se favorece el intercambio de conocimientos y experiencias en torno al tratamiento de residuos s\u00f3lidos urbanos y el reciclaje.<\/p>\n<p style=\"text-align: justify;\">Alumno responsable: Mat\u00edas Emiliano Silva Villamayor. Participan: Mauro Diego Costantino (RIAA-FA), Luc\u00eda In\u00e9s Corengia (RIAA-FA), Alejandra Avalos (RIAA-FA), Gabriela Giacometti (RIAA-FA), Ivo Santiago Carrera (RIAA-FA), Fiamma Romanela Silva Villamayor (Trabajo Social \u2013 FCH), Alejo Aldaz (Ciencias de la Educaci\u00f3n \u2013 FCH), Carlos Santiago Scarcella (Medicina -Escuela Superior Normalizada de Ciencias de la Salud), Milena Vena (Ingenier\u00eda qu\u00edmica -FIO), Mar\u00eda Candelaria Corengia (Licenciatura en Diagn\u00f3stico y Gesti\u00f3n Ambiental \u2013 FCH).\u00a0Docente orientadora: Claudia C. Speranza (RIAA-FA).\u00a0Integran el equipo de trabajo la no-docente: Edit Anahi Rondinone <strong>(Incubadora Sustentarte)<\/strong> y diversos actores sociales: Juan Montenegro (COOPERATIVISTA DE SUDAMTEX), Marisol L\u00f3pez Salgado. Cuerpo de promotoras ambientales del MTE (Facultad de Ciencias Humanas \u2013 Licenciatura en Diagn\u00f3stico y Gesti\u00f3n Ambiental) y Rosario Molina (Directora de la E.E.S. N\u00b0 6).<\/p>\n<p style=\"text-align: justify;\">\u00a0La convocatoria \u201cActividades Estudiantiles de Extensi\u00f3n\u201d se desarroll\u00f3 en el marco de la Ordenanza de Consejo Superior Nro 4682\/17 y cuenta con el financiamiento del programa \u201cSinergia\u201d de la Secretar\u00eda de Pol\u00edticas Universitarias del Ministerio de Educaci\u00f3n de la Naci\u00f3n. Prev\u00e9 financiar propuestas presentadas por estudiantes de la UNICEN, con acompa\u00f1amiento de docentes tutores,\u00a0 que aborden alguna problem\u00e1tica social espec\u00edfica y, en su accionar, colaboren a la construcci\u00f3n de espacios formativos con vinculaci\u00f3n acad\u00e9mico-comunitaria.<\/p>\n<p style=\"text-align: justify;\">M\u00e1s informaci\u00f3n:\u00a0<a href=\"http:\/\/extension.unicen.edu.ar\/convocatoria-a-actividades-estudiantiles-de-extension\/\"><strong>http:\/\/extension.unicen.edu.ar\/convocatoria-a-actividades-estudiantiles-de-extension\/<\/strong><\/a><\/p>\n<p>&nbsp;<\/p>\n<p><img decoding=\"async\" loading=\"lazy\" class=\"aligncenter wp-image-460 size-full\" src=\"https:\/\/www.arte.unicen.edu.ar\/sustentarte\/wp-content\/uploads\/2018\/10\/Foto-proyecto-reciclado.jpg\" alt=\"\" width=\"726\" height=\"726\" srcset=\"https:\/\/www.arte.unicen.edu.ar\/sustentarte\/wp-content\/uploads\/2018\/10\/Foto-proyecto-reciclado.jpg 726w, https:\/\/www.arte.unicen.edu.ar\/sustentarte\/wp-content\/uploads\/2018\/10\/Foto-proyecto-reciclado-150x150.jpg 150w, https:\/\/www.arte.unicen.edu.ar\/sustentarte\/wp-content\/uploads\/2018\/10\/Foto-proyecto-reciclado-300x300.jpg 300w, https:\/\/www.arte.unicen.edu.ar\/sustentarte\/wp-content\/uploads\/2018\/10\/Foto-proyecto-reciclado-525x525.jpg 525w\" sizes=\"(max-width: 726px) 100vw, 726px\" \/><\/p>\n<p>&nbsp;<\/p>\n","protected":false},"excerpt":{"rendered":"<p>Martes 16 de Octubre de 2018. En el marco de la\u00a0primera convocatoria a \u201cActividades Estudiantiles de Extensi\u00f3n\u201d, impulsada por la Secretar\u00eda de Extensi\u00f3n de Rectorado, conjuntamente con las Secretar\u00edas de [&hellip;]<\/p>\n","protected":false},"author":2,"featured_media":983,"comment_status":"closed","ping_status":"closed","sticky":false,"template":"","format":"standard","meta":{"_mi_skip_tracking":false,"_exactmetrics_sitenote_active":false,"_exactmetrics_sitenote_note":"","_exactmetrics_sitenote_category":0},"categories":[27],"tags":[],"_links":{"self":[{"href":"https:\/\/www.arte.unicen.edu.ar\/sustentarte\/index.php\/wp-json\/wp\/v2\/posts\/458"}],"collection":[{"href":"https:\/\/www.arte.unicen.edu.ar\/sustentarte\/index.php\/wp-json\/wp\/v2\/posts"}],"about":[{"href":"https:\/\/www.arte.unicen.edu.ar\/sustentarte\/index.php\/wp-json\/wp\/v2\/types\/post"}],"author":[{"embeddable":true,"href":"https:\/\/www.arte.unicen.edu.ar\/sustentarte\/index.php\/wp-json\/wp\/v2\/users\/2"}],"replies":[{"embeddable":true,"href":"https:\/\/www.arte.unicen.edu.ar\/sustentarte\/index.php\/wp-json\/wp\/v2\/comments?post=458"}],"version-history":[{"count":2,"href":"https:\/\/www.arte.unicen.edu.ar\/sustentarte\/index.php\/wp-json\/wp\/v2\/posts\/458\/revisions"}],"predecessor-version":[{"id":982,"href":"https:\/\/www.arte.unicen.edu.ar\/sustentarte\/index.php\/wp-json\/wp\/v2\/posts\/458\/revisions\/982"}],"wp:featuredmedia":[{"embeddable":true,"href":"https:\/\/www.arte.unicen.edu.ar\/sustentarte\/index.php\/wp-json\/wp\/v2\/media\/983"}],"wp:attachment":[{"href":"https:\/\/www.arte.unicen.edu.ar\/sustentarte\/index.php\/wp-json\/wp\/v2\/media?parent=458"}],"wp:term":[{"taxonomy":"category","embeddable":true,"href":"https:\/\/www.arte.unicen.edu.ar\/sustentarte\/index.php\/wp-json\/wp\/v2\/categories?post=458"},{"taxonomy":"post_tag","embeddable":true,"href":"https:\/\/www.arte.unicen.edu.ar\/sustentarte\/index.php\/wp-json\/wp\/v2\/tags?post=458"}],"curies":[{"name":"wp","href":"https:\/\/api.w.org\/{rel}","templated":true}]}}