{"id":202,"date":"2018-09-28T10:26:04","date_gmt":"2018-09-28T13:26:04","guid":{"rendered":"https:\/\/www.arte.unicen.edu.ar\/sustentarte\/?p=202"},"modified":"2018-12-05T12:44:52","modified_gmt":"2018-12-05T15:44:52","slug":"obra-teatral-el-cepillo-de-dientes","status":"publish","type":"post","link":"https:\/\/www.arte.unicen.edu.ar\/sustentarte\/index.php\/2018\/09\/28\/obra-teatral-el-cepillo-de-dientes\/","title":{"rendered":"Obra teatral \u201cEl cepillo de dientes\u201d"},"content":{"rendered":"<p>Con entrada a la gorra, se presenta el\u00a0viernes 28 de septiembre las 20 hs en el \u201cDomo\u201d del Centro de Referencia La Tribu (Rosales 2150). Organizado por el \u00c1rea de Cultura y la Facultad de Arte.<\/p>\n<p>La obra es de la autor\u00eda de Jorge D\u00edaz y narra la historia de un matrimonio burgu\u00e9s que se obsesiona con llenar el tiempo, tratando de escapar a la rutina. Los distintos juegos en los que se embarcan los personajes cubren todas las posibilidades de lo inocente a lo macabro en una trama muy divertida, creando m\u00faltiples universos para que los espectadores analicemos nuestras propias vidas.<\/p>\n<p><span style=\"color: #ff0000;\"><strong>Ficha T\u00e9cnica:<\/strong><\/span><br \/>\n<strong>Obra:<\/strong> \u201cEl Cepillo de dientes\u201d<br \/>\n<strong>Autor:<\/strong> Jorge D\u00edaz<br \/>\n<strong>Director:<\/strong> Carlos Catalano<br \/>\n<strong>Asistente de direcci\u00f3n:<\/strong> Agustina G\u00f3mez Hoffman<br \/>\n<strong>Elenco<\/strong>: Daniela Ferrari y Pedro Sanzano<br \/>\n<strong>Asistencia t\u00e9cnica:<\/strong> Silvio Torres<br \/>\n<strong>Producci\u00f3n:<\/strong> Juan Canneva y Alejandra Saulino (Cultura UNICEN)<br \/>\n<strong>Duraci\u00f3n:<\/strong> 60 minutos<br \/>\n<strong>Publico:<\/strong>+16<\/p>\n<p><img decoding=\"async\" loading=\"lazy\" class=\"wp-image-203 size-large aligncenter\" src=\"https:\/\/www.arte.unicen.edu.ar\/sustentarte\/wp-content\/uploads\/2018\/09\/el-cepillo-1024x683.jpg\" alt=\"\" width=\"640\" height=\"427\" \/><\/p>\n","protected":false},"excerpt":{"rendered":"<p>Con entrada a la gorra, se presenta el\u00a0viernes 28 de septiembre las 20 hs en el \u201cDomo\u201d del Centro de Referencia La Tribu (Rosales 2150). Organizado por el \u00c1rea de [&hellip;]<\/p>\n","protected":false},"author":1,"featured_media":984,"comment_status":"closed","ping_status":"closed","sticky":false,"template":"","format":"standard","meta":{"_mi_skip_tracking":false,"_exactmetrics_sitenote_active":false,"_exactmetrics_sitenote_note":"","_exactmetrics_sitenote_category":0},"categories":[21],"tags":[],"_links":{"self":[{"href":"https:\/\/www.arte.unicen.edu.ar\/sustentarte\/index.php\/wp-json\/wp\/v2\/posts\/202"}],"collection":[{"href":"https:\/\/www.arte.unicen.edu.ar\/sustentarte\/index.php\/wp-json\/wp\/v2\/posts"}],"about":[{"href":"https:\/\/www.arte.unicen.edu.ar\/sustentarte\/index.php\/wp-json\/wp\/v2\/types\/post"}],"author":[{"embeddable":true,"href":"https:\/\/www.arte.unicen.edu.ar\/sustentarte\/index.php\/wp-json\/wp\/v2\/users\/1"}],"replies":[{"embeddable":true,"href":"https:\/\/www.arte.unicen.edu.ar\/sustentarte\/index.php\/wp-json\/wp\/v2\/comments?post=202"}],"version-history":[{"count":1,"href":"https:\/\/www.arte.unicen.edu.ar\/sustentarte\/index.php\/wp-json\/wp\/v2\/posts\/202\/revisions"}],"predecessor-version":[{"id":204,"href":"https:\/\/www.arte.unicen.edu.ar\/sustentarte\/index.php\/wp-json\/wp\/v2\/posts\/202\/revisions\/204"}],"wp:featuredmedia":[{"embeddable":true,"href":"https:\/\/www.arte.unicen.edu.ar\/sustentarte\/index.php\/wp-json\/wp\/v2\/media\/984"}],"wp:attachment":[{"href":"https:\/\/www.arte.unicen.edu.ar\/sustentarte\/index.php\/wp-json\/wp\/v2\/media?parent=202"}],"wp:term":[{"taxonomy":"category","embeddable":true,"href":"https:\/\/www.arte.unicen.edu.ar\/sustentarte\/index.php\/wp-json\/wp\/v2\/categories?post=202"},{"taxonomy":"post_tag","embeddable":true,"href":"https:\/\/www.arte.unicen.edu.ar\/sustentarte\/index.php\/wp-json\/wp\/v2\/tags?post=202"}],"curies":[{"name":"wp","href":"https:\/\/api.w.org\/{rel}","templated":true}]}}