{"id":196,"date":"2018-09-28T10:18:21","date_gmt":"2018-09-28T13:18:21","guid":{"rendered":"https:\/\/www.arte.unicen.edu.ar\/sustentarte\/?p=196"},"modified":"2018-12-05T12:45:28","modified_gmt":"2018-12-05T15:45:28","slug":"variete-el-arte-callejero-no-es-delito","status":"publish","type":"post","link":"https:\/\/www.arte.unicen.edu.ar\/sustentarte\/index.php\/2018\/09\/28\/variete-el-arte-callejero-no-es-delito\/","title":{"rendered":"Variet\u00e9 \u201cEl arte callejero no es delito\u201d"},"content":{"rendered":"<p lang=\"zxx\" align=\"left\">El domingo 9 de septiembre se present\u00f3 la Variet\u00e9\u00a0\u201cEl arte callejero no es delito\u201d en la Universidad Barrial. Organizada por el Equipo de Cultura de la Universidad Barrial, la Agrupaci\u00f3n Arveja Esperanza del Movimiento de Participaci\u00f3n Estudiantil y la Facultad de Arte, a trav\u00e9s de la Secretar\u00eda de Extensi\u00f3n y la Incubadora de Arte SUSTENTARTE, y el CEFA.<\/p>\n<p lang=\"zxx\" align=\"left\">En el marco de la jornada de variet\u00e9 se llev\u00f3 a cabo una olla popular\u00a0como acci\u00f3n para la sensibilizaci\u00f3n y visibilidad del conflicto de la educaci\u00f3n p\u00fablica y social.<\/p>\n<p lang=\"zxx\" align=\"left\">Compartimos el relato de la jornada, de la mano de Pepo Sanzano:<\/p>\n<p><em>El domingo en la Uni Barrial se arranc\u00f3 distinto. Parte del plan de lucha por la defensa de la Educaci\u00f3n P\u00fablica, se hizo una olla popular para la comunidad universitaria y todo aquel que se arrimara a compartir un tremendo guiso que cocinaron los alumnos de distintas facultades de nuestra UNICEN. Eso fue el principio de una tarde de mucho arte y mucha familia que se junt\u00f3 para demostrar que estamos por la defens<\/em><em>a tambi\u00e9n del Arte callejero que no es delito. Invitados especiales, los amigos de CAIAT (el colectivo de artistas independientes) llegaron temprano a caldear y a poner sus puestos de artesan\u00edas. Se sumaron, el roperito, distintos artesanos, y la cantina del C.E.F.A.. Todo listo y bien puntual. D\u00eda feo. Lluvia, pero el arte en la Uni Barrial no se para por lluvia. Eso ya est\u00e1 claro.<\/em><\/p>\n<p><em>Erika Vidal (alumna avanzada de la carrera de Teatro de la Facultad de Arte), excelente maestra de ceremonias, da la bienvenida y promete una variet\u00e9 llena de n\u00fameros. Es cierto, hasta \u00faltimo mome<\/em><em>nto se siguieron sumando invitados espont\u00e1neos. Y para el comienzo las m\u00e1s chiquititas, el grupo infantil de danza de la Uni que coordina SILVIA SAAD presenta a sus 15 bailarinas que dieron brillo a un arranque espectacular. Sigue CHEER EVOLUTION TANDIL COMPA\u00d1\u00cdA DE HIP HOP que hace gala de destreza y profesionalismo arriba del escenario.<\/em><\/p>\n<p><em>Todo preparado para la destreza circense, y el trapecio en este\u00a0<\/em><em>caso: Mel (alumna del Taller de Circo del Galp\u00f3n del Barrio 21 de Abril) es presentada por Derlis Ardito, su orgullosa maestra, que luego tambi\u00e9n presenta a otras dos alumnas m\u00e1s (pero en este caso del taller de la misma Uni) Ana y Guadalupe que hacen Danza A\u00e9rea en Telas. Ovaci\u00f3n que cierra este tr\u00edo de futuras artistas y a<\/em><em>cr\u00f3batas.<\/em><\/p>\n<p><em>Gana el escenario Katraska el personaje de Felipe Irigoyen (artista de CAIAT) que malabarea, hace equilibrio conquistando a grandes y chicos; y finaliza con un discurso de presentaci\u00f3n de este colectivo de artistas independientes, que cuentan su realidad de ser corridos por la polic\u00eda y denunciados por vecinos. Cuentan que no pueden TRABAJAR tranquilos. Por eso la variet\u00e9 EL ARTE CALLEJERO NO ES DELITO. Para visualizar este problema. Para que todos veamos el trabajo digno que desarrollan.<\/em><\/p>\n<p><em>Un corte para que todos puedan visitar los distintos puesto<\/em><em>s de la feria que siempre se arma al fondo. Y a seguir que la tarde se hace corta para la cantidad de n\u00fameros que faltan.<\/em><\/p>\n<p><em>La maestra llama a funci\u00f3n nuevamente y presenta a Lautaro R\u00edos (M\u00fasico estudiante de la Facultad de Exactas) hace temas propios y se le suma Oscar Larregain (de la Facultad de Arte) que lo acompa\u00f1a con un n\u00famero de expresi\u00f3n corporal. Poes\u00eda que viene de la m\u00fasica y de la escenificaci\u00f3n que proponen los artistas.<\/em><\/p>\n<p><em>El grupo de Danza Independiente Love Live No Kagami vuelve\u00a0<\/em><em>a visitarnos a la Uni Barrial, hacen tres coreograf\u00edas de este estilo de pop anim\u00e9 en donde unen danza con fonom\u00edmica.<\/em><\/p>\n<p><em>El teatro se suma al show del domingo a la tarde. Se presenta Daiana Carricart (actriz, alumna avanzada de la Facultad de Arte) hace \u201cAsistente\u201d; mon\u00f3logo de su autor\u00eda y qu<\/em><em>e pertenece a \u201cMuestravestida\u201d producci\u00f3n de la C\u00e1tedra de Pr\u00e1ctica Integrada I 2017 de la Carrera de Teatro de la Facultad de Arte. Y el teatro como siempre conmueve. Convida al silencio que se hace para escuchar a ese personaje que se muestra ante todos a contar su historia.<\/em><\/p>\n<p><em>Y ahora reggaet\u00f3n en el escenario con el grupo de adolescentes que coordina Rub\u00e9n Lavin (profe de ritmos de la Uni Barrial). Aplausos y mucha hinchada del p\u00fablico.<\/em><\/p>\n<p><em>Se acerca el final a todo Circo callejero: Jarrito y T\u00edo Pat\u00edn\u00a0<\/em><em>(tambi\u00e9n del CAIAT) hacen sus n\u00fameros. Malabares y viol\u00edn en un monociclo jirafa, por parte de Jarrito y di\u00e1bolos con el T\u00edo. Destreza, habilidad y mucho oficio del arte en la calle. Se les suma Katraska y tenemos un cierre de lujo con los tres personajes malabareando a 9 clavas con las distintas variantes de pases. Nos invitan a que participemos de las variet\u00e9s que organizan el 16 de septiembre en la plaza y claro que ah\u00ed estaremos.<\/em><\/p>\n<p><em>Comuni\u00f3n, fiesta, familia, trabajo digno de artistas que se brindan en escena. El arte callejero no es delito. El arte transforma, une y dignifica. Salva. Y ah\u00ed estamos com<\/em><img decoding=\"async\" loading=\"lazy\" class=\"aligncenter wp-image-198 size-medium\" src=\"https:\/\/www.arte.unicen.edu.ar\/sustentarte\/wp-content\/uploads\/2018\/09\/variet\u00c3\u00a9-212x300.jpg\" alt=\"\" width=\"212\" height=\"300\" srcset=\"https:\/\/www.arte.unicen.edu.ar\/sustentarte\/wp-content\/uploads\/2018\/09\/variet\u00c3\u00a9-212x300.jpg 212w, https:\/\/www.arte.unicen.edu.ar\/sustentarte\/wp-content\/uploads\/2018\/09\/variet\u00c3\u00a9.jpg 678w\" sizes=\"(max-width: 212px) 100vw, 212px\" \/><em>o cada seg<\/em><em>undo domingo de mes, haciendo lo que amamos. Convencidos de que no nos van a ganar. Que por m\u00e1s que nos quieran pegar en el \u00e1nimo, vamos a resistir.<\/em><\/p>\n","protected":false},"excerpt":{"rendered":"<p>El domingo 9 de septiembre se present\u00f3 la Variet\u00e9\u00a0\u201cEl arte callejero no es delito\u201d en la Universidad Barrial. Organizada por el Equipo de Cultura de la Universidad Barrial, la Agrupaci\u00f3n [&hellip;]<\/p>\n","protected":false},"author":1,"featured_media":985,"comment_status":"closed","ping_status":"closed","sticky":false,"template":"","format":"standard","meta":{"_mi_skip_tracking":false,"_exactmetrics_sitenote_active":false,"_exactmetrics_sitenote_note":"","_exactmetrics_sitenote_category":0},"categories":[21],"tags":[],"_links":{"self":[{"href":"https:\/\/www.arte.unicen.edu.ar\/sustentarte\/index.php\/wp-json\/wp\/v2\/posts\/196"}],"collection":[{"href":"https:\/\/www.arte.unicen.edu.ar\/sustentarte\/index.php\/wp-json\/wp\/v2\/posts"}],"about":[{"href":"https:\/\/www.arte.unicen.edu.ar\/sustentarte\/index.php\/wp-json\/wp\/v2\/types\/post"}],"author":[{"embeddable":true,"href":"https:\/\/www.arte.unicen.edu.ar\/sustentarte\/index.php\/wp-json\/wp\/v2\/users\/1"}],"replies":[{"embeddable":true,"href":"https:\/\/www.arte.unicen.edu.ar\/sustentarte\/index.php\/wp-json\/wp\/v2\/comments?post=196"}],"version-history":[{"count":3,"href":"https:\/\/www.arte.unicen.edu.ar\/sustentarte\/index.php\/wp-json\/wp\/v2\/posts\/196\/revisions"}],"predecessor-version":[{"id":201,"href":"https:\/\/www.arte.unicen.edu.ar\/sustentarte\/index.php\/wp-json\/wp\/v2\/posts\/196\/revisions\/201"}],"wp:featuredmedia":[{"embeddable":true,"href":"https:\/\/www.arte.unicen.edu.ar\/sustentarte\/index.php\/wp-json\/wp\/v2\/media\/985"}],"wp:attachment":[{"href":"https:\/\/www.arte.unicen.edu.ar\/sustentarte\/index.php\/wp-json\/wp\/v2\/media?parent=196"}],"wp:term":[{"taxonomy":"category","embeddable":true,"href":"https:\/\/www.arte.unicen.edu.ar\/sustentarte\/index.php\/wp-json\/wp\/v2\/categories?post=196"},{"taxonomy":"post_tag","embeddable":true,"href":"https:\/\/www.arte.unicen.edu.ar\/sustentarte\/index.php\/wp-json\/wp\/v2\/tags?post=196"}],"curies":[{"name":"wp","href":"https:\/\/api.w.org\/{rel}","templated":true}]}}