{"id":1298,"date":"2020-06-14T17:10:09","date_gmt":"2020-06-14T20:10:09","guid":{"rendered":"https:\/\/www.arte.unicen.edu.ar\/sustentarte\/?p=1298"},"modified":"2020-06-14T17:10:09","modified_gmt":"2020-06-14T20:10:09","slug":"economias-culturales","status":"publish","type":"post","link":"https:\/\/www.arte.unicen.edu.ar\/sustentarte\/index.php\/2020\/06\/14\/economias-culturales\/","title":{"rendered":"Econom\u00edas culturales"},"content":{"rendered":"<p><img decoding=\"async\" loading=\"lazy\" class=\"alignnone  wp-image-1299 aligncenter\" src=\"https:\/\/www.arte.unicen.edu.ar\/sustentarte\/wp-content\/uploads\/2020\/06\/twL3PmDomLQN-300x300.jpg\" alt=\"\" width=\"253\" height=\"253\" srcset=\"https:\/\/www.arte.unicen.edu.ar\/sustentarte\/wp-content\/uploads\/2020\/06\/twL3PmDomLQN-300x300.jpg 300w, https:\/\/www.arte.unicen.edu.ar\/sustentarte\/wp-content\/uploads\/2020\/06\/twL3PmDomLQN-150x150.jpg 150w, https:\/\/www.arte.unicen.edu.ar\/sustentarte\/wp-content\/uploads\/2020\/06\/twL3PmDomLQN-768x768.jpg 768w, https:\/\/www.arte.unicen.edu.ar\/sustentarte\/wp-content\/uploads\/2020\/06\/twL3PmDomLQN-750x750.jpg 750w, https:\/\/www.arte.unicen.edu.ar\/sustentarte\/wp-content\/uploads\/2020\/06\/twL3PmDomLQN.jpg 800w\" sizes=\"(max-width: 253px) 100vw, 253px\" \/><\/p>\n<p>Un ciclo conformado por cuatro clases expositivas con foco en el fortalecimiento de la gesti\u00f3n econ\u00f3mica de los emprendimientos culturales.<\/p>\n<p>La actividad forma parte del programa Formar Cultura, de la Direcci\u00f3n Nacional de Formaci\u00f3n Cultural dependiente de la Secretar\u00eda de Gesti\u00f3n Cultural, en articulaci\u00f3n con la Secretar\u00eda de Desarrollo Cultural y con el apoyo de la Fundaci\u00f3n Credicoop.<\/p>\n<p><a href=\"https:\/\/formar.cultura.gob.ar\/eventos\/1\/economias-culturales\/\">Mas informaci\u00f3n<\/a><\/p>\n","protected":false},"excerpt":{"rendered":"<p>Un ciclo conformado por cuatro clases expositivas con foco en el fortalecimiento de la gesti\u00f3n econ\u00f3mica de los emprendimientos culturales. La actividad forma parte del programa Formar Cultura, de la [&hellip;]<\/p>\n","protected":false},"author":2,"featured_media":1299,"comment_status":"open","ping_status":"open","sticky":false,"template":"","format":"image","meta":{"_mi_skip_tracking":false,"_exactmetrics_sitenote_active":false,"_exactmetrics_sitenote_note":"","_exactmetrics_sitenote_category":0},"categories":[9],"tags":[],"_links":{"self":[{"href":"https:\/\/www.arte.unicen.edu.ar\/sustentarte\/index.php\/wp-json\/wp\/v2\/posts\/1298"}],"collection":[{"href":"https:\/\/www.arte.unicen.edu.ar\/sustentarte\/index.php\/wp-json\/wp\/v2\/posts"}],"about":[{"href":"https:\/\/www.arte.unicen.edu.ar\/sustentarte\/index.php\/wp-json\/wp\/v2\/types\/post"}],"author":[{"embeddable":true,"href":"https:\/\/www.arte.unicen.edu.ar\/sustentarte\/index.php\/wp-json\/wp\/v2\/users\/2"}],"replies":[{"embeddable":true,"href":"https:\/\/www.arte.unicen.edu.ar\/sustentarte\/index.php\/wp-json\/wp\/v2\/comments?post=1298"}],"version-history":[{"count":1,"href":"https:\/\/www.arte.unicen.edu.ar\/sustentarte\/index.php\/wp-json\/wp\/v2\/posts\/1298\/revisions"}],"predecessor-version":[{"id":1300,"href":"https:\/\/www.arte.unicen.edu.ar\/sustentarte\/index.php\/wp-json\/wp\/v2\/posts\/1298\/revisions\/1300"}],"wp:featuredmedia":[{"embeddable":true,"href":"https:\/\/www.arte.unicen.edu.ar\/sustentarte\/index.php\/wp-json\/wp\/v2\/media\/1299"}],"wp:attachment":[{"href":"https:\/\/www.arte.unicen.edu.ar\/sustentarte\/index.php\/wp-json\/wp\/v2\/media?parent=1298"}],"wp:term":[{"taxonomy":"category","embeddable":true,"href":"https:\/\/www.arte.unicen.edu.ar\/sustentarte\/index.php\/wp-json\/wp\/v2\/categories?post=1298"},{"taxonomy":"post_tag","embeddable":true,"href":"https:\/\/www.arte.unicen.edu.ar\/sustentarte\/index.php\/wp-json\/wp\/v2\/tags?post=1298"}],"curies":[{"name":"wp","href":"https:\/\/api.w.org\/{rel}","templated":true}]}}