{"id":1291,"date":"2020-06-08T14:27:34","date_gmt":"2020-06-08T17:27:34","guid":{"rendered":"https:\/\/www.arte.unicen.edu.ar\/sustentarte\/?p=1291"},"modified":"2020-06-08T14:27:34","modified_gmt":"2020-06-08T17:27:34","slug":"ciclo-de-charlas-y-talleres-on-line-organiza-atina","status":"publish","type":"post","link":"https:\/\/www.arte.unicen.edu.ar\/sustentarte\/index.php\/2020\/06\/08\/ciclo-de-charlas-y-talleres-on-line-organiza-atina\/","title":{"rendered":"Ciclo de charlas y talleres on line. Organiza ATINA."},"content":{"rendered":"<p><img decoding=\"async\" loading=\"lazy\" class=\"size-medium wp-image-1292 aligncenter\" src=\"https:\/\/www.arte.unicen.edu.ar\/sustentarte\/wp-content\/uploads\/2020\/06\/Atina-on-line-300x220.jpg\" alt=\"\" width=\"300\" height=\"220\" srcset=\"https:\/\/www.arte.unicen.edu.ar\/sustentarte\/wp-content\/uploads\/2020\/06\/Atina-on-line-300x220.jpg 300w, https:\/\/www.arte.unicen.edu.ar\/sustentarte\/wp-content\/uploads\/2020\/06\/Atina-on-line.jpg 598w\" sizes=\"(max-width: 300px) 100vw, 300px\" \/><\/p>\n<p>La Asociaci\u00f3n de Teatristas Independientes para ni\u00f1os\/as y adolescentes (ATINA &#8211; ASSITEJ Argentina) dentro del marco PATIOS DEL RECREO, invita a participar del ciclo de charlas y talleres SUPER 8 (Teatro Digital para p\u00fablico joven)<br \/>\nSUPER 8 es un proyecto online te\u00f3rico pr\u00e1ctico que se propone investigar un nuevo lenguaje virtual: el teatro digital por streaming o video. Obras de teatro de 8 minutos pensadas directamente para la pantalla dirigidas a ni\u00f1os y\/o adolescentes. So<span class=\"text_exposed_show\">porte t\u00e9cnico, tutor\u00edas y funciones en b\u00fasqueda de nuevas formas y contenidos.<\/span><\/p>\n<div class=\"text_exposed_show\">\n<p>Charla informativa: 18\/06- 18 hs.<br \/>\nAsesoramiento t\u00e9cnico:<br \/>\n\u2022 Gui\u00f3n t\u00e9cnico:<br \/>\n25\/06- 18 hs. Julieta Lazzarino<br \/>\n\u2022 Recursos t\u00e9cnicos:<br \/>\n02\/07- 18 hs &#8211; Gast\u00f3n Badell<br \/>\n\u2022 Montaje y edici\u00f3n:<br \/>\n09\/07 &#8211; 18 hs. &#8211; Lalo Lema<\/p>\n<p>TALLER DE REALIZACION:<br \/>\nTutor\u00edas de cuatro encuentros desde el 16 de Julio al 6 de agosto-<br \/>\nJulieta Lazzarino- Diego Lucero- Gast\u00f3n Badell- Lalo Lema<\/p>\n<p style=\"text-align: justify\">Organiza ATINA &#8211; ASSITEJ Argentina<br \/>\n(Asociaci\u00f3n de Teatristas Independientes para ni\u00f1os\/as y adolescentes.)<br \/>\nM\u00e1s info:\u00a0<a href=\"https:\/\/l.facebook.com\/l.php?u=http%3A%2F%2Fwww.atina.org.ar%2F%3Ffbclid%3DIwAR2CjDLneEOvwRTEaot8F24Lnl8FTGz0PdMbOdU2WXj-GLam3EmHbeIPO2E&amp;h=AT2uGALVMfDjU20XWT9fGZIJfGQN_N0q_F3qPM0VXV49WDfal1ZscGWUjpeZK43_pixxXcKn6Dg18ta-JsaPqqvWj9IUvyHIG8wISd7OWJyaRaRyoTRe6dnGBo_OenWN-RHRFjG911FauN1RAWnFHnpvNuQ0SSxNO967xD64jGJtSZItuQkFDHnWCdZfmG-cj2Ls0JVc_UYT4Y_thz7euBbHBmLV5c8vyTQw-lspjVlSYfSaLiUXL8o5x2cRns8i57aMoVyjbBmkw0CBjCke7GP3O_lBTlLzqGZRCuF2DBG1zPdewA4mO1WDfAQpNL-dsdRLRbQXub-omkT5IcSB6Y5J02NMGVhyDu0cFUnwFZaF8QMCYjUomUYQ_R32cytnKHUz28248UMq7HgpbH3AXZvgSn46Exw1v4hBfj-ISuk5r6psdZ8Bh3doin2wgDeGifgLMJenE2KCEC5G27qSdEPcmipPSoNWFzu2bNAugUcj3GPjidH_IV68LUmvlHFpImpaL5GAnixPEWaFDE1OaPaMZf-S_5EQ9GoXay5Uy5ogesorDELxB_8xxaVSoqpL3Hz8snYJisrMCXLawbXmyWmtfkzZG7sdPZyl5w\" target=\"_blank\" rel=\"noopener nofollow\">www.atina.org.ar<\/a>\u00a0&#8211; patiosdelrecreoatina@gmail.com<\/p>\n<\/div>\n","protected":false},"excerpt":{"rendered":"<p>La Asociaci\u00f3n de Teatristas Independientes para ni\u00f1os\/as y adolescentes (ATINA &#8211; ASSITEJ Argentina) dentro del marco PATIOS DEL RECREO, invita a participar del ciclo de charlas y talleres SUPER 8 [&hellip;]<\/p>\n","protected":false},"author":2,"featured_media":1292,"comment_status":"open","ping_status":"open","sticky":false,"template":"","format":"image","meta":{"_mi_skip_tracking":false,"_exactmetrics_sitenote_active":false,"_exactmetrics_sitenote_note":"","_exactmetrics_sitenote_category":0},"categories":[21],"tags":[],"_links":{"self":[{"href":"https:\/\/www.arte.unicen.edu.ar\/sustentarte\/index.php\/wp-json\/wp\/v2\/posts\/1291"}],"collection":[{"href":"https:\/\/www.arte.unicen.edu.ar\/sustentarte\/index.php\/wp-json\/wp\/v2\/posts"}],"about":[{"href":"https:\/\/www.arte.unicen.edu.ar\/sustentarte\/index.php\/wp-json\/wp\/v2\/types\/post"}],"author":[{"embeddable":true,"href":"https:\/\/www.arte.unicen.edu.ar\/sustentarte\/index.php\/wp-json\/wp\/v2\/users\/2"}],"replies":[{"embeddable":true,"href":"https:\/\/www.arte.unicen.edu.ar\/sustentarte\/index.php\/wp-json\/wp\/v2\/comments?post=1291"}],"version-history":[{"count":1,"href":"https:\/\/www.arte.unicen.edu.ar\/sustentarte\/index.php\/wp-json\/wp\/v2\/posts\/1291\/revisions"}],"predecessor-version":[{"id":1293,"href":"https:\/\/www.arte.unicen.edu.ar\/sustentarte\/index.php\/wp-json\/wp\/v2\/posts\/1291\/revisions\/1293"}],"wp:featuredmedia":[{"embeddable":true,"href":"https:\/\/www.arte.unicen.edu.ar\/sustentarte\/index.php\/wp-json\/wp\/v2\/media\/1292"}],"wp:attachment":[{"href":"https:\/\/www.arte.unicen.edu.ar\/sustentarte\/index.php\/wp-json\/wp\/v2\/media?parent=1291"}],"wp:term":[{"taxonomy":"category","embeddable":true,"href":"https:\/\/www.arte.unicen.edu.ar\/sustentarte\/index.php\/wp-json\/wp\/v2\/categories?post=1291"},{"taxonomy":"post_tag","embeddable":true,"href":"https:\/\/www.arte.unicen.edu.ar\/sustentarte\/index.php\/wp-json\/wp\/v2\/tags?post=1291"}],"curies":[{"name":"wp","href":"https:\/\/api.w.org\/{rel}","templated":true}]}}