{"id":1285,"date":"2020-06-07T16:02:50","date_gmt":"2020-06-07T19:02:50","guid":{"rendered":"https:\/\/www.arte.unicen.edu.ar\/sustentarte\/?p=1285"},"modified":"2020-06-07T16:06:02","modified_gmt":"2020-06-07T19:06:02","slug":"puntos-de-cultura-duplican-el-presupuesto-y-se-extiende-la-convocatoria","status":"publish","type":"post","link":"https:\/\/www.arte.unicen.edu.ar\/sustentarte\/index.php\/2020\/06\/07\/puntos-de-cultura-duplican-el-presupuesto-y-se-extiende-la-convocatoria\/","title":{"rendered":"Puntos de Cultura: duplican el presupuesto y se extiende la convocatoria"},"content":{"rendered":"<p><img decoding=\"async\" loading=\"lazy\" class=\" wp-image-1286 aligncenter\" src=\"https:\/\/www.arte.unicen.edu.ar\/sustentarte\/wp-content\/uploads\/2020\/06\/puntos-de-cultura-702x336-300x144.jpg\" alt=\"\" width=\"361\" height=\"173\" srcset=\"https:\/\/www.arte.unicen.edu.ar\/sustentarte\/wp-content\/uploads\/2020\/06\/puntos-de-cultura-702x336-300x144.jpg 300w, https:\/\/www.arte.unicen.edu.ar\/sustentarte\/wp-content\/uploads\/2020\/06\/puntos-de-cultura-702x336.jpg 702w\" sizes=\"(max-width: 361px) 100vw, 361px\" \/><\/p>\n<p style=\"text-align: justify\">El Ministerio de Cultura de la Naci\u00f3n, a trav\u00e9s de la Secretar\u00eda de Gesti\u00f3n Cultural, dispuso duplicar el presupuesto inicial para el Puntos de Cultura, as\u00ed como\u00a0<strong>extender el plazo de inscripci\u00f3n hasta el 19 de junio.<\/strong><\/p>\n<p style=\"text-align: justify\">En los fundamentos de la decisi\u00f3n se se\u00f1ala que la misma se debe \u00abla cantidad de inscriptos para la primera convocatoria del Programa Puntos de Cultura, y debido al particular momento que atraviesa el sector de la cultura y sus trabajadores\u00bb.<\/p>\n<p style=\"text-align: justify\">La informaci\u00f3n indica que \u00abse trata de un presupuesto sin precedentes destinado a este programa que ofrece distintas l\u00edneas de apoyo econ\u00f3mico para la realizaci\u00f3n de proyectos culturales comunitarios en todo el territorio nacional.<\/p>\n<p style=\"text-align: justify\">En su primera etapa, la convocatoria cont\u00f3 con un presupuesto de 50 millones de pesos para la cual se presentaron m\u00e1s de 1000 proyectos de todo el pa\u00eds. Para la segunda instancia, se suman otros 50 millones de pesos con el objetivo de ampliar las l\u00edneas de apoyo y sumar nuevos Puntos de Cultura a la Red Federal.<\/p>\n<p style=\"text-align: justify\">Este aumento en el presupuesto constituye una ampliaci\u00f3n hist\u00f3rica tanto para el programa como para el sector de las organizaciones comunitarias y se inscribe dentro de las pol\u00edticas que viene desarrollando el Ministerio de Cultura de la Naci\u00f3n para dar respuesta a los trabajadores y trabajadoras de la cultura en este contexto de emergencia por la pandemia del COVID-19.<\/p>\n<p style=\"text-align: justify\">El Programa Puntos de Cultura desde 2011 acompa\u00f1a a colectivos y organizaciones sociales que desarrollan proyectos comunitarios, con el objetivo de fortalecer el trabajo de base, la participaci\u00f3n y las redes locales, regionales y nacionales que sostienen el entramado social. El trabajo de las organizaciones fortalece los mecanismos democr\u00e1ticos de la vida comunitaria, diversifica las miradas, suma nuevas voces y desarrolla el sentido de pertenencia dentro de una comunidad territorial.<\/p>\n<p style=\"text-align: justify\">En este sentido, la convocatoria est\u00e1 dirigida a asociaciones civiles, fundaciones, cooperativas, mutuales, organizaciones de base territorial sin personer\u00eda jur\u00eddica, comedores, merenderos, redes de organizaciones vinculadas a la cultura comunitaria, comunidades ind\u00edgenas y todas aquellas organizaciones que trabajan en territorios en situaci\u00f3n de vulnerabilidad.<\/p>\n<p style=\"text-align: justify\">Los proyectos seleccionados a lo largo de la convocatoria recibir\u00e1n el aporte econ\u00f3mico solicitado, adem\u00e1s de integrarse a las distintas redes y espacios de cultura comunitaria\u00bb.<\/p>\n<p style=\"text-align: justify\">\u2013 Para organizaciones con personer\u00eda jur\u00eddica: $300.000<\/p>\n<p style=\"text-align: justify\">\u2013 Para organizaciones sin personer\u00eda jur\u00eddica: $125.000<\/p>\n<p style=\"text-align: justify\">\u2013 Para Redes que nuclean organizaciones: $700.000<\/p>\n<p style=\"text-align: justify\">Pod\u00e9s ver la\u00a0<a href=\"https:\/\/www.recursosculturales.com\/puntos-de-cultura-convocatoria-proyectos-socioculturales\/\">convocatoria de Puntos de Cultura,<\/a>\u00a0o solicitar m\u00e1s informaci\u00f3n en puntos@cultura.gob.ar<\/p>\n","protected":false},"excerpt":{"rendered":"<p>El Ministerio de Cultura de la Naci\u00f3n, a trav\u00e9s de la Secretar\u00eda de Gesti\u00f3n Cultural, dispuso duplicar el presupuesto inicial para el Puntos de Cultura, as\u00ed como\u00a0extender el plazo de [&hellip;]<\/p>\n","protected":false},"author":2,"featured_media":1286,"comment_status":"open","ping_status":"open","sticky":false,"template":"","format":"image","meta":{"_mi_skip_tracking":false,"_exactmetrics_sitenote_active":false,"_exactmetrics_sitenote_note":"","_exactmetrics_sitenote_category":0},"categories":[27],"tags":[],"_links":{"self":[{"href":"https:\/\/www.arte.unicen.edu.ar\/sustentarte\/index.php\/wp-json\/wp\/v2\/posts\/1285"}],"collection":[{"href":"https:\/\/www.arte.unicen.edu.ar\/sustentarte\/index.php\/wp-json\/wp\/v2\/posts"}],"about":[{"href":"https:\/\/www.arte.unicen.edu.ar\/sustentarte\/index.php\/wp-json\/wp\/v2\/types\/post"}],"author":[{"embeddable":true,"href":"https:\/\/www.arte.unicen.edu.ar\/sustentarte\/index.php\/wp-json\/wp\/v2\/users\/2"}],"replies":[{"embeddable":true,"href":"https:\/\/www.arte.unicen.edu.ar\/sustentarte\/index.php\/wp-json\/wp\/v2\/comments?post=1285"}],"version-history":[{"count":2,"href":"https:\/\/www.arte.unicen.edu.ar\/sustentarte\/index.php\/wp-json\/wp\/v2\/posts\/1285\/revisions"}],"predecessor-version":[{"id":1288,"href":"https:\/\/www.arte.unicen.edu.ar\/sustentarte\/index.php\/wp-json\/wp\/v2\/posts\/1285\/revisions\/1288"}],"wp:featuredmedia":[{"embeddable":true,"href":"https:\/\/www.arte.unicen.edu.ar\/sustentarte\/index.php\/wp-json\/wp\/v2\/media\/1286"}],"wp:attachment":[{"href":"https:\/\/www.arte.unicen.edu.ar\/sustentarte\/index.php\/wp-json\/wp\/v2\/media?parent=1285"}],"wp:term":[{"taxonomy":"category","embeddable":true,"href":"https:\/\/www.arte.unicen.edu.ar\/sustentarte\/index.php\/wp-json\/wp\/v2\/categories?post=1285"},{"taxonomy":"post_tag","embeddable":true,"href":"https:\/\/www.arte.unicen.edu.ar\/sustentarte\/index.php\/wp-json\/wp\/v2\/tags?post=1285"}],"curies":[{"name":"wp","href":"https:\/\/api.w.org\/{rel}","templated":true}]}}