{"id":1227,"date":"2019-09-06T10:28:18","date_gmt":"2019-09-06T13:28:18","guid":{"rendered":"https:\/\/www.arte.unicen.edu.ar\/sustentarte\/?p=1227"},"modified":"2019-09-06T10:28:18","modified_gmt":"2019-09-06T13:28:18","slug":"se-realizo-el-taller-procesos-de-produccion-en-organizaciones-artisticas-y-culturales","status":"publish","type":"post","link":"https:\/\/www.arte.unicen.edu.ar\/sustentarte\/index.php\/2019\/09\/06\/se-realizo-el-taller-procesos-de-produccion-en-organizaciones-artisticas-y-culturales\/","title":{"rendered":"Se realizo el Taller Procesos de producci\u00f3n en organizaciones art\u00edsticas y culturales"},"content":{"rendered":"<p>El\u00a0 viernes 30 de Agosto\u00a0 en\u00a0<a href=\"https:\/\/www.facebook.com\/Chamula-Tierra-de-las-Artes-1078286985539841\/?__xts__%5B0%5D=68.ARDVNIlj490mEz7uCTWScZNbwUTi9tNIFAO2pJGsEH3F7xUP2xetDZcoV5gLuTvnphfghKzCamMy8lqz7nxuAuSSHUpt1J6osqTe6GOwrAsOUHpQpqbF1ta9_Gv2ZlM-qwnFSieBULl7tGuel3PWy8ucqGeXHiz5Mt5j-h8SMkQbB3MawIkAFnjcJm5B1slm7RdugJ7GisghOBj0rjqshgoJOPX489gKToStKvNhvxcXV9yy97YbMooRBPMPlxCawzxkkay4sPY2nDPKFUpZC4ej48NyCoQrv3rCgVpcEbd3W2b1hXinYUpXlYBRR53rScUqgECceodRlXRjSNwFJRljYc7XWoBzi6gWud_uo1ym3qQvQSRMBGcsInUZeqtlmi6aB_UPv8oiqiEy9fDI_n0p8V3EuLGvuXRkDD4n2BHiBiGlFT6OlA_gqQXGQ8RON8TEugAzhybH7Sm_rBadDr4jz3cDJX7OBxCQ0JhSlLMprlKHXEBgLQhHVBrOC9iX_wBUgw&amp;__xts__%5B1%5D=68.ARCRHOxAfN_Hye6Whn88ZsZ-d6iyaaa6dBrORpiGIXASgY_odQCaHCys1lsRnnMpty4nFevbbP-HK53DaCLtBZ06VTEUA9R9KNumc8MVQ6lTYerMrq8WOI41p0eJiI3IO-x6wAR1ja-yoE8zBJVW4Bhj4RGH6nQLsduOy0kO1n4kCYPwBqHUDtLFbHZi4gCHjaQ5AX8mBsVTObDD-I40JWZxIn7WaO9su6CWugV_LfJO9185Ywz-5uy2YADvxECcSnEcRHsUhXqM6Obkh9pqs7SJvnsQ1tr4ErnmjU494b90Fv9wdzylJW0sPms7WzR61fcTj8XTpyUZ-EShr2kFehCEPSApijmSxvrDRLKxzD2fB3dIwpVDPIaaoLKkZuz3iqdFXxBmRN_jCo-380aNFb8Zn_fHsUUvPB7tamsHCbv6Ts6fCEnw8PZRc2hRzSxTgqihpbBKXFCiGS9zQu7fhQCLNLrK7_2t2tkPV5-19ieiD0Dz5PY&amp;__tn__=KH-R&amp;eid=ARAtJl2fZZIML1lkLrGBLlzGTmmzQC1r7sRhfWGSxGU4Wb84Qfzcu-3PYmYC_rG1aupP5t3h2nUakR0k&amp;fref=mentions\">Chamula Tierra de las Artes<\/a>\u00a0 se realiz\u00f3 un taller de PROCESOS DE PRODUCCI\u00d3N EN ORGANIZACIONES ART\u00cdSTICAS Y CULTURALES, facilitado por la Incubadora de Arte Sustentarte\u00a0 de la Secretar\u00eda de Extensi\u00f3n de la Facultad de Arte, organizado por IncubESS Unicen.<br \/>\nSe brindaron herramientas para\u00a0la programaci\u00f3n de centros culturales y propuestas art\u00edsticas; planificaci\u00f3n de las salas, obras y\/o actividades; difusi\u00f3n y convocatoria; prensa, \u00a0elaboraci\u00f3n de proyectos. Mapa de alternativas de financiamiento art\u00edstico\/cultural.<\/p>\n<p>&nbsp;<\/p>\n<p><img decoding=\"async\" loading=\"lazy\" class=\"size-medium wp-image-1229 aligncenter\" src=\"https:\/\/www.arte.unicen.edu.ar\/sustentarte\/wp-content\/uploads\/2019\/09\/01DSC_0986-Copiar-300x200.jpg\" alt=\"\" width=\"300\" height=\"200\" srcset=\"https:\/\/www.arte.unicen.edu.ar\/sustentarte\/wp-content\/uploads\/2019\/09\/01DSC_0986-Copiar-300x200.jpg 300w, https:\/\/www.arte.unicen.edu.ar\/sustentarte\/wp-content\/uploads\/2019\/09\/01DSC_0986-Copiar-768x511.jpg 768w, https:\/\/www.arte.unicen.edu.ar\/sustentarte\/wp-content\/uploads\/2019\/09\/01DSC_0986-Copiar-1024x681.jpg 1024w, https:\/\/www.arte.unicen.edu.ar\/sustentarte\/wp-content\/uploads\/2019\/09\/01DSC_0986-Copiar-750x499.jpg 750w, https:\/\/www.arte.unicen.edu.ar\/sustentarte\/wp-content\/uploads\/2019\/09\/01DSC_0986-Copiar.jpg 1624w\" sizes=\"(max-width: 300px) 100vw, 300px\" \/><\/p>\n<p>&nbsp;<\/p>\n<p>&nbsp;<\/p>\n","protected":false},"excerpt":{"rendered":"<p>El\u00a0 viernes 30 de Agosto\u00a0 en\u00a0Chamula Tierra de las Artes\u00a0 se realiz\u00f3 un taller de PROCESOS DE PRODUCCI\u00d3N EN ORGANIZACIONES ART\u00cdSTICAS Y CULTURALES, facilitado por la Incubadora de Arte Sustentarte\u00a0 [&hellip;]<\/p>\n","protected":false},"author":2,"featured_media":1229,"comment_status":"open","ping_status":"open","sticky":false,"template":"","format":"standard","meta":{"_mi_skip_tracking":false,"_exactmetrics_sitenote_active":false,"_exactmetrics_sitenote_note":"","_exactmetrics_sitenote_category":0},"categories":[21],"tags":[],"_links":{"self":[{"href":"https:\/\/www.arte.unicen.edu.ar\/sustentarte\/index.php\/wp-json\/wp\/v2\/posts\/1227"}],"collection":[{"href":"https:\/\/www.arte.unicen.edu.ar\/sustentarte\/index.php\/wp-json\/wp\/v2\/posts"}],"about":[{"href":"https:\/\/www.arte.unicen.edu.ar\/sustentarte\/index.php\/wp-json\/wp\/v2\/types\/post"}],"author":[{"embeddable":true,"href":"https:\/\/www.arte.unicen.edu.ar\/sustentarte\/index.php\/wp-json\/wp\/v2\/users\/2"}],"replies":[{"embeddable":true,"href":"https:\/\/www.arte.unicen.edu.ar\/sustentarte\/index.php\/wp-json\/wp\/v2\/comments?post=1227"}],"version-history":[{"count":2,"href":"https:\/\/www.arte.unicen.edu.ar\/sustentarte\/index.php\/wp-json\/wp\/v2\/posts\/1227\/revisions"}],"predecessor-version":[{"id":1230,"href":"https:\/\/www.arte.unicen.edu.ar\/sustentarte\/index.php\/wp-json\/wp\/v2\/posts\/1227\/revisions\/1230"}],"wp:featuredmedia":[{"embeddable":true,"href":"https:\/\/www.arte.unicen.edu.ar\/sustentarte\/index.php\/wp-json\/wp\/v2\/media\/1229"}],"wp:attachment":[{"href":"https:\/\/www.arte.unicen.edu.ar\/sustentarte\/index.php\/wp-json\/wp\/v2\/media?parent=1227"}],"wp:term":[{"taxonomy":"category","embeddable":true,"href":"https:\/\/www.arte.unicen.edu.ar\/sustentarte\/index.php\/wp-json\/wp\/v2\/categories?post=1227"},{"taxonomy":"post_tag","embeddable":true,"href":"https:\/\/www.arte.unicen.edu.ar\/sustentarte\/index.php\/wp-json\/wp\/v2\/tags?post=1227"}],"curies":[{"name":"wp","href":"https:\/\/api.w.org\/{rel}","templated":true}]}}