{"id":1212,"date":"2019-08-27T08:52:13","date_gmt":"2019-08-27T11:52:13","guid":{"rendered":"https:\/\/www.arte.unicen.edu.ar\/sustentarte\/?p=1212"},"modified":"2019-08-27T08:53:28","modified_gmt":"2019-08-27T11:53:28","slug":"taller-procesos-de-produccion-en-organizaciones-artisticas-y-culturales","status":"publish","type":"post","link":"https:\/\/www.arte.unicen.edu.ar\/sustentarte\/index.php\/2019\/08\/27\/taller-procesos-de-produccion-en-organizaciones-artisticas-y-culturales\/","title":{"rendered":"Taller: Procesos de producci\u00f3n en organizaciones art\u00edsticas y culturales"},"content":{"rendered":"<p>???? #IncubESSUNICEN<br \/>\nTaller: Procesos de producci\u00f3n en organizaciones art\u00edsticas y culturales<br \/>\nFacilitado por la Incubadora de Arte Sustentarte (https:\/\/www.arte.unicen.edu.ar\/sustentarte_\/) de la Secretar\u00eda de Extensi\u00f3n de la Facultad de Arte<\/p>\n<p>???? Viernes 30\/08, 18hs.<br \/>\n???? Espacio Cultural Chamula &#8211; Dorrego 2149, Olavarr\u00eda<\/p>\n<p>???? Herramientas para la programaci\u00f3n de centros culturales y propuestas art\u00edsticas; planificaci\u00f3n de las salas, obras y\/o actividades; difusi\u00f3n y convocatoria; prensa, etc. Herramientas para la elaboraci\u00f3n de proyectos. Mapa de alternativas de financiamiento.<\/p>\n<p><img decoding=\"async\" loading=\"lazy\" class=\"alignnone size-medium wp-image-1213\" src=\"https:\/\/www.arte.unicen.edu.ar\/sustentarte\/wp-content\/uploads\/2019\/08\/WhatsApp-Image-2019-08-27-at-8.46.21-AM-240x300.jpeg\" alt=\"\" width=\"240\" height=\"300\" srcset=\"https:\/\/www.arte.unicen.edu.ar\/sustentarte\/wp-content\/uploads\/2019\/08\/WhatsApp-Image-2019-08-27-at-8.46.21-AM-240x300.jpeg 240w, https:\/\/www.arte.unicen.edu.ar\/sustentarte\/wp-content\/uploads\/2019\/08\/WhatsApp-Image-2019-08-27-at-8.46.21-AM-768x960.jpeg 768w, https:\/\/www.arte.unicen.edu.ar\/sustentarte\/wp-content\/uploads\/2019\/08\/WhatsApp-Image-2019-08-27-at-8.46.21-AM-819x1024.jpeg 819w, https:\/\/www.arte.unicen.edu.ar\/sustentarte\/wp-content\/uploads\/2019\/08\/WhatsApp-Image-2019-08-27-at-8.46.21-AM-750x938.jpeg 750w, https:\/\/www.arte.unicen.edu.ar\/sustentarte\/wp-content\/uploads\/2019\/08\/WhatsApp-Image-2019-08-27-at-8.46.21-AM.jpeg 1024w\" sizes=\"(max-width: 240px) 100vw, 240px\" \/><\/p>\n","protected":false},"excerpt":{"rendered":"<p>???? #IncubESSUNICEN Taller: Procesos de producci\u00f3n en organizaciones art\u00edsticas y culturales Facilitado por la Incubadora de Arte Sustentarte (https:\/\/www.arte.unicen.edu.ar\/sustentarte_\/) de la Secretar\u00eda de Extensi\u00f3n de la Facultad de Arte ???? [&hellip;]<\/p>\n","protected":false},"author":3,"featured_media":0,"comment_status":"open","ping_status":"open","sticky":false,"template":"","format":"link","meta":{"_mi_skip_tracking":false,"_exactmetrics_sitenote_active":false,"_exactmetrics_sitenote_note":"","_exactmetrics_sitenote_category":0},"categories":[9],"tags":[],"_links":{"self":[{"href":"https:\/\/www.arte.unicen.edu.ar\/sustentarte\/index.php\/wp-json\/wp\/v2\/posts\/1212"}],"collection":[{"href":"https:\/\/www.arte.unicen.edu.ar\/sustentarte\/index.php\/wp-json\/wp\/v2\/posts"}],"about":[{"href":"https:\/\/www.arte.unicen.edu.ar\/sustentarte\/index.php\/wp-json\/wp\/v2\/types\/post"}],"author":[{"embeddable":true,"href":"https:\/\/www.arte.unicen.edu.ar\/sustentarte\/index.php\/wp-json\/wp\/v2\/users\/3"}],"replies":[{"embeddable":true,"href":"https:\/\/www.arte.unicen.edu.ar\/sustentarte\/index.php\/wp-json\/wp\/v2\/comments?post=1212"}],"version-history":[{"count":1,"href":"https:\/\/www.arte.unicen.edu.ar\/sustentarte\/index.php\/wp-json\/wp\/v2\/posts\/1212\/revisions"}],"predecessor-version":[{"id":1214,"href":"https:\/\/www.arte.unicen.edu.ar\/sustentarte\/index.php\/wp-json\/wp\/v2\/posts\/1212\/revisions\/1214"}],"wp:attachment":[{"href":"https:\/\/www.arte.unicen.edu.ar\/sustentarte\/index.php\/wp-json\/wp\/v2\/media?parent=1212"}],"wp:term":[{"taxonomy":"category","embeddable":true,"href":"https:\/\/www.arte.unicen.edu.ar\/sustentarte\/index.php\/wp-json\/wp\/v2\/categories?post=1212"},{"taxonomy":"post_tag","embeddable":true,"href":"https:\/\/www.arte.unicen.edu.ar\/sustentarte\/index.php\/wp-json\/wp\/v2\/tags?post=1212"}],"curies":[{"name":"wp","href":"https:\/\/api.w.org\/{rel}","templated":true}]}}