{"id":1176,"date":"2019-04-10T15:21:56","date_gmt":"2019-04-10T18:21:56","guid":{"rendered":"https:\/\/www.arte.unicen.edu.ar\/sustentarte\/?p=1176"},"modified":"2019-04-11T08:36:45","modified_gmt":"2019-04-11T11:36:45","slug":"convocatoria-mayo-teatral-2019","status":"publish","type":"post","link":"https:\/\/www.arte.unicen.edu.ar\/sustentarte\/index.php\/2019\/04\/10\/convocatoria-mayo-teatral-2019\/","title":{"rendered":"Convocatoria MAYO TEATRAL 2019"},"content":{"rendered":"<p><img decoding=\"async\" loading=\"lazy\" class=\" wp-image-1177 aligncenter\" src=\"https:\/\/www.arte.unicen.edu.ar\/sustentarte\/wp-content\/uploads\/2019\/04\/banner_1266_x_710_leer_teatro_actualidad-300x169.jpg\" alt=\"\" width=\"579\" height=\"327\" srcset=\"https:\/\/www.arte.unicen.edu.ar\/sustentarte\/wp-content\/uploads\/2019\/04\/banner_1266_x_710_leer_teatro_actualidad-300x169.jpg 300w, https:\/\/www.arte.unicen.edu.ar\/sustentarte\/wp-content\/uploads\/2019\/04\/banner_1266_x_710_leer_teatro_actualidad-768x432.jpg 768w, https:\/\/www.arte.unicen.edu.ar\/sustentarte\/wp-content\/uploads\/2019\/04\/banner_1266_x_710_leer_teatro_actualidad-1024x576.jpg 1024w, https:\/\/www.arte.unicen.edu.ar\/sustentarte\/wp-content\/uploads\/2019\/04\/banner_1266_x_710_leer_teatro_actualidad-750x422.jpg 750w, https:\/\/www.arte.unicen.edu.ar\/sustentarte\/wp-content\/uploads\/2019\/04\/banner_1266_x_710_leer_teatro_actualidad.jpg 1170w\" sizes=\"(max-width: 579px) 100vw, 579px\" \/><\/p>\n<p style=\"text-align: justify\">Hasta el 15 de abril (12hs.) se encuentra abierta la convocatoria para ser parte de la programaci\u00f3n del Mayo Teatral 2019.<\/p>\n<p style=\"text-align: justify\">Este evento dedicado al teatro es organizado por el Municipio de Tandil, a trav\u00e9s de la Subsecretar\u00eda de Cultura y Educaci\u00f3n, y cuenta con la colaboraci\u00f3n de las salas independientes Bajosuelo, La F\u00e1brica y Club de Teatro; de la UNICEN, a trav\u00e9s de su coordinaci\u00f3n de Cultura, y de la Secretar\u00eda de Extensi\u00f3n de la Facultad de Arte.<\/p>\n<p style=\"text-align: justify\">Requisitos<\/p>\n<ul style=\"text-align: justify\">\n<li>Se podr\u00e1n presentar obras que a\u00fan no tengan fechas acordadas en ninguna de las salas de la ciudad.<\/li>\n<li>Se deber\u00e1 detallar lo siguiente:<\/li>\n<\/ul>\n<p style=\"text-align: justify\"><em>Nombre de la obra (autor\/director)<\/em><\/p>\n<p style=\"text-align: justify\"><em>Sinopsis<\/em><\/p>\n<p style=\"text-align: justify\"><em>Duraci\u00f3n<\/em><\/p>\n<p style=\"text-align: justify\"><em>Necesidades t\u00e9cnicas<\/em><\/p>\n<p style=\"text-align: justify\"><em>Destinatarios<\/em><\/p>\n<p style=\"text-align: justify\"><em>Contacto<\/em><\/p>\n<ul style=\"text-align: justify\">\n<li>Los elencos interesados deben enviar un correo electr\u00f3nico con dicho detalle a:\u00a0<a href=\"mailto:culturayeducacion@tandil.gov.ar\" target=\"_blank\" rel=\"noopener noreferrer\">culturayeducacion@tandil.gov.ar<\/a>\u00a0 (Asunto: Convocatoria Mayo Teatral 2019).<\/li>\n<li>Tambi\u00e9n pueden acercar el material en sobre cerrado, personalmente, en mesa de entrada de la Casa de la Cultura (Rodr\u00edguez esquina Belgrano), de lunes a viernes en el horario de 8 a 20<\/li>\n<\/ul>\n<p style=\"text-align: justify\">Para m\u00e1s informaci\u00f3n:\u00a0<a href=\"http:\/\/cultura.tandil.gov.ar\/\" target=\"_blank\" rel=\"noopener noreferrer\">http:\/\/cultura.tandil.gov.ar\/<\/a><\/p>\n","protected":false},"excerpt":{"rendered":"<p>Hasta el 15 de abril (12hs.) se encuentra abierta la convocatoria para ser parte de la programaci\u00f3n del Mayo Teatral 2019. Este evento dedicado al teatro es organizado por el [&hellip;]<\/p>\n","protected":false},"author":3,"featured_media":1177,"comment_status":"open","ping_status":"open","sticky":false,"template":"","format":"standard","meta":{"_mi_skip_tracking":false,"_exactmetrics_sitenote_active":false,"_exactmetrics_sitenote_note":"","_exactmetrics_sitenote_category":0},"categories":[21],"tags":[],"_links":{"self":[{"href":"https:\/\/www.arte.unicen.edu.ar\/sustentarte\/index.php\/wp-json\/wp\/v2\/posts\/1176"}],"collection":[{"href":"https:\/\/www.arte.unicen.edu.ar\/sustentarte\/index.php\/wp-json\/wp\/v2\/posts"}],"about":[{"href":"https:\/\/www.arte.unicen.edu.ar\/sustentarte\/index.php\/wp-json\/wp\/v2\/types\/post"}],"author":[{"embeddable":true,"href":"https:\/\/www.arte.unicen.edu.ar\/sustentarte\/index.php\/wp-json\/wp\/v2\/users\/3"}],"replies":[{"embeddable":true,"href":"https:\/\/www.arte.unicen.edu.ar\/sustentarte\/index.php\/wp-json\/wp\/v2\/comments?post=1176"}],"version-history":[{"count":1,"href":"https:\/\/www.arte.unicen.edu.ar\/sustentarte\/index.php\/wp-json\/wp\/v2\/posts\/1176\/revisions"}],"predecessor-version":[{"id":1178,"href":"https:\/\/www.arte.unicen.edu.ar\/sustentarte\/index.php\/wp-json\/wp\/v2\/posts\/1176\/revisions\/1178"}],"wp:featuredmedia":[{"embeddable":true,"href":"https:\/\/www.arte.unicen.edu.ar\/sustentarte\/index.php\/wp-json\/wp\/v2\/media\/1177"}],"wp:attachment":[{"href":"https:\/\/www.arte.unicen.edu.ar\/sustentarte\/index.php\/wp-json\/wp\/v2\/media?parent=1176"}],"wp:term":[{"taxonomy":"category","embeddable":true,"href":"https:\/\/www.arte.unicen.edu.ar\/sustentarte\/index.php\/wp-json\/wp\/v2\/categories?post=1176"},{"taxonomy":"post_tag","embeddable":true,"href":"https:\/\/www.arte.unicen.edu.ar\/sustentarte\/index.php\/wp-json\/wp\/v2\/tags?post=1176"}],"curies":[{"name":"wp","href":"https:\/\/api.w.org\/{rel}","templated":true}]}}