{"id":1158,"date":"2019-03-13T13:39:53","date_gmt":"2019-03-13T16:39:53","guid":{"rendered":"https:\/\/www.arte.unicen.edu.ar\/sustentarte\/?p=1158"},"modified":"2019-03-13T13:39:53","modified_gmt":"2019-03-13T16:39:53","slug":"firma-del-convenio-para-la-creacion-del-fondo-nacional-de-las-artes","status":"publish","type":"post","link":"https:\/\/www.arte.unicen.edu.ar\/sustentarte\/index.php\/2019\/03\/13\/firma-del-convenio-para-la-creacion-del-fondo-nacional-de-las-artes\/","title":{"rendered":"Firma del convenio para la creacion del Fondo Nacional de las Artes"},"content":{"rendered":"<p style=\"text-align: justify\"><img decoding=\"async\" loading=\"lazy\" class=\"alignnone size-medium wp-image-1159\" src=\"https:\/\/www.arte.unicen.edu.ar\/sustentarte\/wp-content\/uploads\/2019\/03\/53781545_10218093472797192_7935316236752125952_n-300x300.jpg\" alt=\"\" width=\"300\" height=\"300\" srcset=\"https:\/\/www.arte.unicen.edu.ar\/sustentarte\/wp-content\/uploads\/2019\/03\/53781545_10218093472797192_7935316236752125952_n-300x300.jpg 300w, https:\/\/www.arte.unicen.edu.ar\/sustentarte\/wp-content\/uploads\/2019\/03\/53781545_10218093472797192_7935316236752125952_n-150x150.jpg 150w, https:\/\/www.arte.unicen.edu.ar\/sustentarte\/wp-content\/uploads\/2019\/03\/53781545_10218093472797192_7935316236752125952_n-768x768.jpg 768w, https:\/\/www.arte.unicen.edu.ar\/sustentarte\/wp-content\/uploads\/2019\/03\/53781545_10218093472797192_7935316236752125952_n-750x750.jpg 750w, https:\/\/www.arte.unicen.edu.ar\/sustentarte\/wp-content\/uploads\/2019\/03\/53781545_10218093472797192_7935316236752125952_n.jpg 853w\" sizes=\"(max-width: 300px) 100vw, 300px\" \/><br \/>\nEste martes el Fondo Nacional de las Artes, los Municipios de Tandil, Balcarce y Necochea y la Unicen, firmaron el convenio para la creaci\u00f3n del Fondo Regional de las Artes y la transformaci\u00f3n social, que tiene por objetivo ampliar la cobertura de las Becas Creaci\u00f3n y Formaci\u00f3n para artistas y gestores culturales locales en todas las disciplinas art\u00edsticas, y adem\u00e1s, capacitar a los agentes culturales municipales sobre el armado y gesti\u00f3n de fondos concursables.<br \/>\nEl encuentro fue encabezado por los intendentes Miguel Lunghi, Facundo L\u00f3pez y Esteban Reino, el Rector de la Unicen, Roberto Tassara y Florencia Giulio, coordinadora del Programa Fondos Municipales de la Artes y la Transformaci\u00f3n Social del Fondo Nacional de las Artes.<br \/>\nDurante 2017 y 2018 se implement\u00f3 una experiencia piloto junto al Banco de la Provincia de Buenos Aires en cinco municipios del Conurbano Bonaerense, con un Fondo Municipal por ciudad los cuales fueron seleccionados en base a diversos criterios culturales, territoriales y de gesti\u00f3n.<br \/>\nAsimismo en 2018 se implement\u00f3 el primer Fondo Regional (junto a los municipios de Saladillo, Lobos y Roque P\u00e9rez. El fondo se destina \u00edntegramente a Becas Creaci\u00f3n y a Becas Formaci\u00f3n.<br \/>\nEl Fondo se conforma con un aporte que realizar\u00e1 cada Municipio m\u00e1s el aporte del Fondo Nacional de las Artes y la UNICEN y que totalizar\u00e1 510 mil pesos. Tandil y Necochea participar\u00e1n con 120.000 pesos (cuatro becas), Balcarce con 60.000 pesos (dos becas), el Fondo Nacional de las Artes con 90.000 pesos (una beca por Municipio) y la Unicen 120.000 pesos (cuatro becas para las localidades donde posee sede).<br \/>\nEl convenio tambi\u00e9n establece que Tandil coordinar\u00e1 el Fondo, que busca establecer un recurso para el apoyo a los artistas y gestores culturales de los Municipios participantes.<br \/>\nAntes de la firma el intendente Lunghi resalt\u00f3 la importancia de desarrollar acciones conjuntas con otras ciudades de la regi\u00f3n y las diferentes \u00e1reas de los Estados Provincial y Nacional.<br \/>\n\u201cEs muy importante que a trav\u00e9s de la cooperaci\u00f3n y articulaci\u00f3n entre los Municipios y las instituciones se promueva el desarrollo art\u00edstico de las ciudades y la regi\u00f3n. Por eso promovimos esta acci\u00f3n desde Tandil para seguir construyendo una ciudad que fomente las industria creativas y los emprendimientos culturales y art\u00edsticos. Hoy estamos dando el primer paso de un programa que seguramente dar\u00e1 muy buenos resultados\u201d, agreg\u00f3.<br \/>\nFlorencia Giulio detall\u00f3 que \u201cel Programa de Fondos Municipales se lanz\u00f3 en 2017 y estamos muy contentos de poder implementarlo con Tandil, Balcarce, Necochea y Unicen. Es un programa de becas que lanzamos desde el Fondo Nacional de las Artes para llegar a los artistas locales con una propuesta territorial nacional. Se trabaja en conjunto con los Municipios en la convocatoria a estas becas que son para la creaci\u00f3n y a la formaci\u00f3n por 30.000 pesos\u201d<br \/>\n\u201cCada Municipio determin\u00f3 una cantidad de becas, el Fondo asigna becas para cada Municipio y la Universidad aporta una beca por sede, as\u00ed que tambi\u00e9n se abre a los artistas que residan en Olavarr\u00eda y Azul. El 25 de abril ser\u00e1 el lanzamiento de la convocatoria, as\u00ed que le decimos a los artistas que est\u00e9n atentos\u201d, agreg\u00f3.<br \/>\nAdem\u00e1s Giulio asegur\u00f3 que \u201ceste programa busca llegar al artista local y es el Municipio el que los conoce, por eso se trabaja de manera articulada. Est\u00e1 dirigido a artes visuales, esc\u00e9nicas, m\u00fasica, letras, arte y transformaci\u00f3n social, artes combinadas y la intenci\u00f3n es ampliarlo a la mayor cantidad de disciplinas para que puedan participar todos.<br \/>\nEl Fondo con este programa busca ampliar su cobertura, tenemos m\u00e1s de 10.000 inscripciones en nuestras becas nacionales y de mano los Municipios, que conocen a sus comunidades, llegar a esos artistas locales\u201d<br \/>\nPor su parte la Subsecretaria de Cultura y Educaci\u00f3n, Natalia Correa, se\u00f1al\u00f3 que \u201cesto es la concreci\u00f3n de un primer paso en este trabajo que ven\u00edamos realizando desde el a\u00f1o pasado para la creaci\u00f3n de un Fondo Regional en el marco de un programa que tiene el Fondo Nacional de las Artes\u201d.<br \/>\n\u201cEste Fondo Regional consiste en becas para la creaci\u00f3n y formaci\u00f3n para los artistas de las ciudades que participamos y con la importancia que la Universidad tambi\u00e9n forma parte. El 25 de abril lanzaremos el programa, podr\u00e1n participar los artistas de todas las edades y disciplinas, se est\u00e1 terminando de definir el reglamento en el que se contemplan las diferentes \u00e1reas\u201d, detall\u00f3.<br \/>\nPor \u00faltimo afirm\u00f3 que \u201ces importante generar nuevas oportunidades y trabajar en conjunto con la Universidad y los otros gobiernos locales y esperemos que reunirnos para generar este fondo nos posibilite que en cada distrito se puedan potenciar a los artistas y tambi\u00e9n sea el comienzo de nuevas acciones\u201d.<\/p>\n","protected":false},"excerpt":{"rendered":"<p>Este martes el Fondo Nacional de las Artes, los Municipios de Tandil, Balcarce y Necochea y la Unicen, firmaron el convenio para la creaci\u00f3n del Fondo Regional de las Artes [&hellip;]<\/p>\n","protected":false},"author":2,"featured_media":1159,"comment_status":"open","ping_status":"open","sticky":false,"template":"","format":"standard","meta":{"_mi_skip_tracking":false,"_exactmetrics_sitenote_active":false,"_exactmetrics_sitenote_note":"","_exactmetrics_sitenote_category":0},"categories":[9],"tags":[],"_links":{"self":[{"href":"https:\/\/www.arte.unicen.edu.ar\/sustentarte\/index.php\/wp-json\/wp\/v2\/posts\/1158"}],"collection":[{"href":"https:\/\/www.arte.unicen.edu.ar\/sustentarte\/index.php\/wp-json\/wp\/v2\/posts"}],"about":[{"href":"https:\/\/www.arte.unicen.edu.ar\/sustentarte\/index.php\/wp-json\/wp\/v2\/types\/post"}],"author":[{"embeddable":true,"href":"https:\/\/www.arte.unicen.edu.ar\/sustentarte\/index.php\/wp-json\/wp\/v2\/users\/2"}],"replies":[{"embeddable":true,"href":"https:\/\/www.arte.unicen.edu.ar\/sustentarte\/index.php\/wp-json\/wp\/v2\/comments?post=1158"}],"version-history":[{"count":1,"href":"https:\/\/www.arte.unicen.edu.ar\/sustentarte\/index.php\/wp-json\/wp\/v2\/posts\/1158\/revisions"}],"predecessor-version":[{"id":1160,"href":"https:\/\/www.arte.unicen.edu.ar\/sustentarte\/index.php\/wp-json\/wp\/v2\/posts\/1158\/revisions\/1160"}],"wp:featuredmedia":[{"embeddable":true,"href":"https:\/\/www.arte.unicen.edu.ar\/sustentarte\/index.php\/wp-json\/wp\/v2\/media\/1159"}],"wp:attachment":[{"href":"https:\/\/www.arte.unicen.edu.ar\/sustentarte\/index.php\/wp-json\/wp\/v2\/media?parent=1158"}],"wp:term":[{"taxonomy":"category","embeddable":true,"href":"https:\/\/www.arte.unicen.edu.ar\/sustentarte\/index.php\/wp-json\/wp\/v2\/categories?post=1158"},{"taxonomy":"post_tag","embeddable":true,"href":"https:\/\/www.arte.unicen.edu.ar\/sustentarte\/index.php\/wp-json\/wp\/v2\/tags?post=1158"}],"curies":[{"name":"wp","href":"https:\/\/api.w.org\/{rel}","templated":true}]}}