{"id":1150,"date":"2019-02-27T13:10:49","date_gmt":"2019-02-27T16:10:49","guid":{"rendered":"https:\/\/www.arte.unicen.edu.ar\/sustentarte\/?p=1150"},"modified":"2019-02-27T13:10:58","modified_gmt":"2019-02-27T16:10:58","slug":"concurso-de-beca-de-contraprestacion-para-estudiantes-avanzado-as-o-graduados-as-de-la-carrera-de-riaa","status":"publish","type":"post","link":"https:\/\/www.arte.unicen.edu.ar\/sustentarte\/index.php\/2019\/02\/27\/concurso-de-beca-de-contraprestacion-para-estudiantes-avanzado-as-o-graduados-as-de-la-carrera-de-riaa\/","title":{"rendered":"Concurso de beca de contraprestaci\u00f3n para estudiantes avanzado\/as o graduados\/as de la carrera de RIAA."},"content":{"rendered":"<p align=\"justify\">Se encuentra abierta la convocatoria para formar parte del equipo docente del Taller integrado de Arte y Salud, organizado en articulaci\u00f3n con la Direcci\u00f3n de Salud Mental del Sistema Integrado de Salud P\u00fablica de Tandil, en las instalaciones del teatro de la Confraternidad Ferroviaria, en la Ciudad de Tandil.<\/p>\n<p align=\"justify\">Se trata de un dispositivo art\u00edstico socio laboral para personas usuarias de los servicios de Salud Mental, que manifiestan inter\u00e9s por participar de un grupo de exploraci\u00f3n del lenguaje art\u00edstico.<\/p>\n<p align=\"justify\">Este proyecto se inscribe en el marco de la Ley 26.657, d\u00f3nde se establece que los tratamientos en casos de padecimientos ps\u00edquicos, deben promover siempre la integraci\u00f3n familiar, laboral y comunitaria. A su vez, propiciar la inclusi\u00f3n social de sujetos con padecimientos ps\u00edquicos, y tambi\u00e9n la elaboraci\u00f3n de proyectos y programas tendientes a la desestigmatizaci\u00f3n de las problem\u00e1ticas de salud mental. En el marco de dicha ley, ambas instituciones articulan sus intereses y conocimientos para generar un espacio que atienda la problem\u00e1tica con una mirada integral hacia la salud.<\/p>\n<p align=\"justify\">Entre 2017 y 2018, el equipo de trabajo estuvo integrado por un par pedag\u00f3gico, entre una Profesora de Teatro, egresada de la Facultad de Arte, y un Psic\u00f3loga, dependiente de la Direcci\u00f3n de Salud Mental. A su vez, cont\u00f3 con una coordinaci\u00f3n art\u00edstica y psicol\u00f3gica general de profesionales del Departamento de Educaci\u00f3n Art\u00edstica, de la Facultad de Arte, y de la Direcci\u00f3n de Salud Mental del Municipio de Tandil.<\/p>\n<p align=\"justify\"><b>Este a\u00f1o, la propuesta se extiende a estudiantes avanzados\/as o graduados\/as de la carrera de Realizaci\u00f3n Integral en Artes Audiovisuales para integrar el equipo tallerista con la incorporaci\u00f3n del lenguaje audiovisual en la tarea de promover la salud, impulsar la expresi\u00f3n, la exploraci\u00f3n y la inclusi\u00f3n de las personas participantes del Taller.<\/b><\/p>\n<p align=\"justify\"><b>El Taller de Arte y Salud se enmarca en el Proyecto Encontrarte<\/b>, que propone generar un espacio de educaci\u00f3n art\u00edstica propiciando reflexi\u00f3n, est\u00edmulo y desarrollo de diferentes tem\u00e1ticas posibles a abordar. Promover el arte como m\u00e9todo educativo, no s\u00f3lo teniendo en cuenta lo que implica el aprendizaje de los lenguajes espec\u00edficos (teatral y audiovisual) en s\u00ed mismos , sino tambi\u00e9n brindando contenido en cada una de sus representaciones.<\/p>\n<p align=\"justify\">La promoci\u00f3n de la identidad cultural, la protecci\u00f3n de la diversidad cultural, el fomento de la creatividad y la consolidaci\u00f3n de la participaci\u00f3n ciudadana son algunos de los lineamientos a fundamentales del proyecto. El derecho de acceso a la cultura impacta fundamentalmente en el sistema educacional y aumenta la calidad de vida de la sociedad. Frente a una pol\u00edtica de diversidad cultural la tarea a largo plazo es preparar a la sociedad para convivir y admirar los distintos modos de vida que la componen.<\/p>\n<p align=\"justify\"><u>Objetivo general del Proyecto Encontrarte<\/u><\/p>\n<p align=\"justify\">Generar un espacio donde se eduque a trav\u00e9s del teatro y el audiovisual en la convivencia y los valores, fomentando el pensamiento cr\u00edtico e interdisciplinario, a partir del di\u00e1logo, el intercambio y la reflexi\u00f3n colectiva.<\/p>\n<p align=\"justify\"><u>Requisitos del\/la aspirante:<\/u><\/p>\n<ul>\n<li>\n<p align=\"justify\">Ser graduado\/a o estudiante avanzado\/a del \u00faltimo a\u00f1o de la carrera de Realizaci\u00f3n Integral de Arte Audiovisual con el 80% de las materias acreditadas.<\/p>\n<\/li>\n<\/ul>\n<ul>\n<li>\n<p align=\"justify\">Tener experiencia de trabajo en Organizaciones Sociales o Instituciones de similares caracter\u00edsticas a las que solicitan el taller. (No excluyente)<\/p>\n<\/li>\n<\/ul>\n<p align=\"justify\"><u>Compromisos del\/la asispirante<\/u><\/p>\n<ul>\n<li>\n<p align=\"justify\">Dictado de las clases pautadas entre la Facultad de Arte y la Direcci\u00f3n de Salud Mental del Sistema Integrado de Salud P\u00fablica de Tandil con una duraci\u00f3n estimada de 8 meses (abril-diciembre)<\/p>\n<\/li>\n<li>\n<p align=\"justify\">Integrar el equipo de trabajo, participando activamente en la definici\u00f3n de objetivos, planificaci\u00f3n de actividades, metodolog\u00edas de abordaje, consensuando la tarea con el grupo de trabajo (tallerista de Teatro y coordinadores)<\/p>\n<\/li>\n<li>\n<p align=\"justify\">Asistencia a las reuniones que establezcan las instituciones involucradas para el acompa\u00f1amiento y sistematizaci\u00f3n de la pr\u00e1ctica<\/p>\n<\/li>\n<li>\n<p align=\"justify\">Presentaci\u00f3n de lo trabajado en el Taller por lo menos en una muestra organizada en<\/p>\n<\/li>\n<\/ul>\n<p align=\"justify\">conjunto entre el espacio de desarrollo del taller y la Facultad de Arte integrado con los<\/p>\n<p align=\"justify\">dem\u00e1s talleres, a realizarse en el mes de noviembre\/diciembre.<\/p>\n<p align=\"justify\"><u>Documentaci\u00f3n a presentar<\/u><\/p>\n<ul>\n<li>\n<p align=\"justify\">(1 copia en el caso del CV y del Anal\u00edtico, 3 copias de la Propuesta)<\/p>\n<\/li>\n<li>\n<p align=\"justify\">Curr\u00edculum Vitae (en car\u00e1cter de Declaraci\u00f3n Jurada con la documentaci\u00f3n necesaria que certifique lo detallado)<\/p>\n<\/li>\n<li>\n<p align=\"justify\">Propuesta<\/p>\n<\/li>\n<li>\n<p align=\"justify\">Anal\u00edtico<\/p>\n<\/li>\n<\/ul>\n<p align=\"justify\"><u>Calendario<\/u><\/p>\n<p align=\"justify\">-Difusi\u00f3n a partir del 27 de febrero.<\/p>\n<p align=\"justify\">-Entrega de propuesta hasta el 18 de marzo.<\/p>\n<p align=\"justify\">-Sustanciaci\u00f3n 22 de marzo.<\/p>\n<p align=\"justify\">M\u00e1s info: extension@arte.unicen.edu.ar<\/p>\n","protected":false},"excerpt":{"rendered":"<p>Se encuentra abierta la convocatoria para formar parte del equipo docente del Taller integrado de Arte y Salud, organizado en articulaci\u00f3n con la Direcci\u00f3n de Salud Mental del Sistema Integrado [&hellip;]<\/p>\n","protected":false},"author":2,"featured_media":0,"comment_status":"open","ping_status":"open","sticky":false,"template":"","format":"standard","meta":{"_mi_skip_tracking":false,"_exactmetrics_sitenote_active":false,"_exactmetrics_sitenote_note":"","_exactmetrics_sitenote_category":0},"categories":[9],"tags":[],"_links":{"self":[{"href":"https:\/\/www.arte.unicen.edu.ar\/sustentarte\/index.php\/wp-json\/wp\/v2\/posts\/1150"}],"collection":[{"href":"https:\/\/www.arte.unicen.edu.ar\/sustentarte\/index.php\/wp-json\/wp\/v2\/posts"}],"about":[{"href":"https:\/\/www.arte.unicen.edu.ar\/sustentarte\/index.php\/wp-json\/wp\/v2\/types\/post"}],"author":[{"embeddable":true,"href":"https:\/\/www.arte.unicen.edu.ar\/sustentarte\/index.php\/wp-json\/wp\/v2\/users\/2"}],"replies":[{"embeddable":true,"href":"https:\/\/www.arte.unicen.edu.ar\/sustentarte\/index.php\/wp-json\/wp\/v2\/comments?post=1150"}],"version-history":[{"count":1,"href":"https:\/\/www.arte.unicen.edu.ar\/sustentarte\/index.php\/wp-json\/wp\/v2\/posts\/1150\/revisions"}],"predecessor-version":[{"id":1151,"href":"https:\/\/www.arte.unicen.edu.ar\/sustentarte\/index.php\/wp-json\/wp\/v2\/posts\/1150\/revisions\/1151"}],"wp:attachment":[{"href":"https:\/\/www.arte.unicen.edu.ar\/sustentarte\/index.php\/wp-json\/wp\/v2\/media?parent=1150"}],"wp:term":[{"taxonomy":"category","embeddable":true,"href":"https:\/\/www.arte.unicen.edu.ar\/sustentarte\/index.php\/wp-json\/wp\/v2\/categories?post=1150"},{"taxonomy":"post_tag","embeddable":true,"href":"https:\/\/www.arte.unicen.edu.ar\/sustentarte\/index.php\/wp-json\/wp\/v2\/tags?post=1150"}],"curies":[{"name":"wp","href":"https:\/\/api.w.org\/{rel}","templated":true}]}}