{"id":1136,"date":"2019-02-13T11:40:42","date_gmt":"2019-02-13T14:40:42","guid":{"rendered":"https:\/\/www.arte.unicen.edu.ar\/sustentarte\/?p=1136"},"modified":"2019-02-13T11:41:35","modified_gmt":"2019-02-13T14:41:35","slug":"temporales-internacionales-de-teatro","status":"publish","type":"post","link":"https:\/\/www.arte.unicen.edu.ar\/sustentarte\/index.php\/2019\/02\/13\/temporales-internacionales-de-teatro\/","title":{"rendered":"Temporales internacionales de Teatro"},"content":{"rendered":"<p><img decoding=\"async\" loading=\"lazy\" class=\"alignnone size-medium wp-image-1137\" src=\"https:\/\/www.arte.unicen.edu.ar\/sustentarte\/wp-content\/uploads\/2019\/02\/convocatoria_temporales_600-300x158.png\" alt=\"\" width=\"300\" height=\"158\" srcset=\"https:\/\/www.arte.unicen.edu.ar\/sustentarte\/wp-content\/uploads\/2019\/02\/convocatoria_temporales_600-300x158.png 300w, https:\/\/www.arte.unicen.edu.ar\/sustentarte\/wp-content\/uploads\/2019\/02\/convocatoria_temporales_600.png 600w\" sizes=\"(max-width: 300px) 100vw, 300px\" \/><\/p>\n<p style=\"text-align: justify\"><span style=\"font-family: georgia, palatino, serif\">Se abre convocatoria a compa\u00f1\u00edas del mundo para postular a la XXX versi\u00f3n Temporales Internacionales de Teatro\u00a0 de Puerto Montt. La Corporaci\u00f3n Cultural de Puerto Montt recibir\u00e1 las propuestas de compa\u00f1\u00edas nacionales e internacionales hasta el 01 de marzo de 2019.\u00a0\u00a0<a href=\"https:\/\/www.culturapuertomontt.cl\/inicio\/convocatoria-temporales-2019\/\" target=\"_blank\" rel=\"noopener\">Mas Informaci\u00f3n<\/a>\u00a0<\/span><\/p>\n","protected":false},"excerpt":{"rendered":"<p>Se abre convocatoria a compa\u00f1\u00edas del mundo para postular a la XXX versi\u00f3n Temporales Internacionales de Teatro\u00a0 de Puerto Montt. La Corporaci\u00f3n Cultural de Puerto Montt recibir\u00e1 las propuestas de [&hellip;]<\/p>\n","protected":false},"author":2,"featured_media":1137,"comment_status":"open","ping_status":"open","sticky":false,"template":"","format":"standard","meta":{"_mi_skip_tracking":false,"_exactmetrics_sitenote_active":false,"_exactmetrics_sitenote_note":"","_exactmetrics_sitenote_category":0},"categories":[21],"tags":[],"_links":{"self":[{"href":"https:\/\/www.arte.unicen.edu.ar\/sustentarte\/index.php\/wp-json\/wp\/v2\/posts\/1136"}],"collection":[{"href":"https:\/\/www.arte.unicen.edu.ar\/sustentarte\/index.php\/wp-json\/wp\/v2\/posts"}],"about":[{"href":"https:\/\/www.arte.unicen.edu.ar\/sustentarte\/index.php\/wp-json\/wp\/v2\/types\/post"}],"author":[{"embeddable":true,"href":"https:\/\/www.arte.unicen.edu.ar\/sustentarte\/index.php\/wp-json\/wp\/v2\/users\/2"}],"replies":[{"embeddable":true,"href":"https:\/\/www.arte.unicen.edu.ar\/sustentarte\/index.php\/wp-json\/wp\/v2\/comments?post=1136"}],"version-history":[{"count":1,"href":"https:\/\/www.arte.unicen.edu.ar\/sustentarte\/index.php\/wp-json\/wp\/v2\/posts\/1136\/revisions"}],"predecessor-version":[{"id":1138,"href":"https:\/\/www.arte.unicen.edu.ar\/sustentarte\/index.php\/wp-json\/wp\/v2\/posts\/1136\/revisions\/1138"}],"wp:featuredmedia":[{"embeddable":true,"href":"https:\/\/www.arte.unicen.edu.ar\/sustentarte\/index.php\/wp-json\/wp\/v2\/media\/1137"}],"wp:attachment":[{"href":"https:\/\/www.arte.unicen.edu.ar\/sustentarte\/index.php\/wp-json\/wp\/v2\/media?parent=1136"}],"wp:term":[{"taxonomy":"category","embeddable":true,"href":"https:\/\/www.arte.unicen.edu.ar\/sustentarte\/index.php\/wp-json\/wp\/v2\/categories?post=1136"},{"taxonomy":"post_tag","embeddable":true,"href":"https:\/\/www.arte.unicen.edu.ar\/sustentarte\/index.php\/wp-json\/wp\/v2\/tags?post=1136"}],"curies":[{"name":"wp","href":"https:\/\/api.w.org\/{rel}","templated":true}]}}