{"id":1119,"date":"2019-02-12T11:34:54","date_gmt":"2019-02-12T14:34:54","guid":{"rendered":"https:\/\/www.arte.unicen.edu.ar\/sustentarte\/?p=1119"},"modified":"2019-02-12T11:51:42","modified_gmt":"2019-02-12T14:51:42","slug":"1119","status":"publish","type":"post","link":"https:\/\/www.arte.unicen.edu.ar\/sustentarte\/index.php\/2019\/02\/12\/1119\/","title":{"rendered":"Convocatoria abierta para realizar residencias art\u00edsticas"},"content":{"rendered":"<table style=\"height: 336px\" width=\"825\">\n<tbody>\n<tr>\n<td style=\"width: 403px\">Foro La NaBe, a trav\u00e9s de IBERESCENA, convoca a artistas esc\u00e9nicos, investigadores, docentes de las artes esc\u00e9nicas, y creadores multidisciplinarios, que tengan su hogar de residencia en alguno de los pa\u00edses que integran el programa IBERESCENA (Argentina, Bolivia, Brasil, Colombia, Costa Rica, Chile, Ecuador, El Salvador, Espa\u00f1a, Panam\u00e1, Paraguay, Per\u00fa o Uruguay, exceptuando M\u00e9xico por ser el pa\u00eds convocante) a participar en la selecci\u00f3n de 4 candidatos para realizar una residencia art\u00edstica en Foro La NaBe, en Ciudad de M\u00e9xico, durante los meses de junio a\u00a0 diciembre de 2019, con una duraci\u00f3n m\u00e1xima de 30 d\u00edas <a href=\"http:\/\/www.iberescena.org\/noticias\/Beneficiarios\/convocatoria-abierta-para-realizar-residencia-2941?fbclid=IwAR1DL7OxuNuFiMPJc9LzagWQB9Azdmh_-aBcsthHWCiwvjkMzG3x6vAR3tA%3Flang%3Dfalse\" target=\"_blank\" rel=\"noopener\">(M\u00e1s informaci\u00f3n)<\/a><\/td>\n<td style=\"width: 406px\">\n<p style=\"text-align: justify\"><img decoding=\"async\" loading=\"lazy\" class=\"size-medium wp-image-1128 aligncenter\" src=\"https:\/\/www.arte.unicen.edu.ar\/sustentarte\/wp-content\/uploads\/2019\/02\/PAGINA-1-212x300.jpg\" alt=\"\" width=\"212\" height=\"300\" srcset=\"https:\/\/www.arte.unicen.edu.ar\/sustentarte\/wp-content\/uploads\/2019\/02\/PAGINA-1-212x300.jpg 212w, https:\/\/www.arte.unicen.edu.ar\/sustentarte\/wp-content\/uploads\/2019\/02\/PAGINA-1.jpg 497w\" sizes=\"(max-width: 212px) 100vw, 212px\" \/><\/p>\n<\/td>\n<\/tr>\n<\/tbody>\n<\/table>\n<p>&nbsp;<\/p>\n<p>&nbsp;<\/p>\n<p>&nbsp;<\/p>\n","protected":false},"excerpt":{"rendered":"<p>Foro La NaBe, a trav\u00e9s de IBERESCENA, convoca a artistas esc\u00e9nicos, investigadores, docentes de las artes esc\u00e9nicas, y creadores multidisciplinarios, que tengan su hogar de residencia en alguno de los [&hellip;]<\/p>\n","protected":false},"author":3,"featured_media":1112,"comment_status":"open","ping_status":"open","sticky":false,"template":"","format":"standard","meta":{"_mi_skip_tracking":false,"_exactmetrics_sitenote_active":false,"_exactmetrics_sitenote_note":"","_exactmetrics_sitenote_category":0},"categories":[21],"tags":[],"_links":{"self":[{"href":"https:\/\/www.arte.unicen.edu.ar\/sustentarte\/index.php\/wp-json\/wp\/v2\/posts\/1119"}],"collection":[{"href":"https:\/\/www.arte.unicen.edu.ar\/sustentarte\/index.php\/wp-json\/wp\/v2\/posts"}],"about":[{"href":"https:\/\/www.arte.unicen.edu.ar\/sustentarte\/index.php\/wp-json\/wp\/v2\/types\/post"}],"author":[{"embeddable":true,"href":"https:\/\/www.arte.unicen.edu.ar\/sustentarte\/index.php\/wp-json\/wp\/v2\/users\/3"}],"replies":[{"embeddable":true,"href":"https:\/\/www.arte.unicen.edu.ar\/sustentarte\/index.php\/wp-json\/wp\/v2\/comments?post=1119"}],"version-history":[{"count":3,"href":"https:\/\/www.arte.unicen.edu.ar\/sustentarte\/index.php\/wp-json\/wp\/v2\/posts\/1119\/revisions"}],"predecessor-version":[{"id":1130,"href":"https:\/\/www.arte.unicen.edu.ar\/sustentarte\/index.php\/wp-json\/wp\/v2\/posts\/1119\/revisions\/1130"}],"wp:featuredmedia":[{"embeddable":true,"href":"https:\/\/www.arte.unicen.edu.ar\/sustentarte\/index.php\/wp-json\/wp\/v2\/media\/1112"}],"wp:attachment":[{"href":"https:\/\/www.arte.unicen.edu.ar\/sustentarte\/index.php\/wp-json\/wp\/v2\/media?parent=1119"}],"wp:term":[{"taxonomy":"category","embeddable":true,"href":"https:\/\/www.arte.unicen.edu.ar\/sustentarte\/index.php\/wp-json\/wp\/v2\/categories?post=1119"},{"taxonomy":"post_tag","embeddable":true,"href":"https:\/\/www.arte.unicen.edu.ar\/sustentarte\/index.php\/wp-json\/wp\/v2\/tags?post=1119"}],"curies":[{"name":"wp","href":"https:\/\/api.w.org\/{rel}","templated":true}]}}