{"id":1102,"date":"2019-02-11T10:53:15","date_gmt":"2019-02-11T13:53:15","guid":{"rendered":"https:\/\/www.arte.unicen.edu.ar\/sustentarte\/?p=1102"},"modified":"2019-02-11T10:55:13","modified_gmt":"2019-02-11T13:55:13","slug":"becas-progresar-para-estudiantes","status":"publish","type":"post","link":"https:\/\/www.arte.unicen.edu.ar\/sustentarte\/index.php\/2019\/02\/11\/becas-progresar-para-estudiantes\/","title":{"rendered":"BECAS PROGRESAR PARA ESTUDIANTES"},"content":{"rendered":"<p><img decoding=\"async\" loading=\"lazy\" class=\"alignnone size-medium wp-image-1103 aligncenter\" src=\"https:\/\/www.arte.unicen.edu.ar\/sustentarte\/wp-content\/uploads\/2019\/02\/a-300x172.jpeg\" alt=\"\" width=\"300\" height=\"172\" srcset=\"https:\/\/www.arte.unicen.edu.ar\/sustentarte\/wp-content\/uploads\/2019\/02\/a-300x172.jpeg 300w, https:\/\/www.arte.unicen.edu.ar\/sustentarte\/wp-content\/uploads\/2019\/02\/a.jpeg 620w\" sizes=\"(max-width: 300px) 100vw, 300px\" \/>Del 1 al 31 de marzo de 2019 se podr\u00e1n inscribir para las BECAS PROGRESAR. Si la recibiste en el a\u00f1o anterior deber\u00e1n re inscribirse para percibirla en el corriente a\u00f1o.<\/p>\n<p><span class=\"_5mfr\"><span class=\"_6qdm\">\u27a1<\/span><\/span>\u00a0LOS REQUISITOS SON:<\/p>\n<p>Tener entre 18 y 24 a\u00f1os inclusive. Para los estudiantes avanzados en la carrera, la edad se extiende hasta 30 a\u00f1os inclusive.<\/p>\n<div class=\"text_exposed_show\">\n<p>Ser argentino nativo o naturalizado con DNI.<\/p>\n<p>El total de tus ingresos y los de tu grupo familiar debe ser menor a la suma de tres salarios m\u00ednimos, vitales y m\u00f3viles.<\/p>\n<p>No ser titular de un plan social nacional, provincial o municipal.<\/p>\n<p>Cumplir con los requisitos acad\u00e9micos establecidos.<\/p>\n<p><span class=\"_5mfr\"><span class=\"_6qdm\">\u27a1<\/span><\/span>\u00a0PARA INSCRIBIRTE:<\/p>\n<p>Del 1 al 31 de marzo inscribite en la plataforma web del programa:\u00a0<a href=\"https:\/\/www.argentina.gob.ar\/becasprogresar?fbclid=IwAR2nhUFywK9toa_7YSAXVQkaUHAI2lts5mkd_pzHP8vVAv1cFWohT25rs9A\" target=\"_blank\" rel=\"noopener nofollow\">https:\/\/www.argentina.gob.ar\/becasprogresar<\/a><\/p>\n<p><span class=\"_5mfr\"><span class=\"_6qdm\">\u27a1<\/span><\/span>\u00a0MONTO DE LA BECA:<\/p>\n<p>De 1.600 a 2.300 pesos por mes. Si est\u00e1s estudiando alguna carrera estrat\u00e9gica, tu beca va ir de 1.800 a 4.900 pesos por mes.<\/p>\n<p>Los montos asignados var\u00edan de acuerdo a tu trayectoria acad\u00e9mica y la carrera que elijas.<\/p>\n<p>Si est\u00e1s empezando una carrera de cero vas a recibir el 80% de tu beca todos los meses y el otro 20% restante de manera retroactiva si al terminar el ciclo lectivo cumpl\u00eds con los requisitos acad\u00e9micos.<\/p>\n<p><span class=\"_5mfr\"><span class=\"_6qdm\">\u27a1<\/span><\/span>\u00a0\u00bfQU\u00c9 SON LAS CARRERAS ESTRAT\u00c9GICAS?<\/p>\n<p>Son carreras universitarias y t\u00e9cnico-profesionales de las disciplinas que m\u00e1s necesita cada provincia para su desarrollo econ\u00f3mico y social. Conoc\u00e9 el listado completo en\u00a0<a href=\"https:\/\/becasprogresar.educacion.gob.ar\/map?fbclid=IwAR025tZKlTvgNQcawoJsto2mq3-73UpCCWU2D-rpSOVGB04ncudw8h3vf-o\" target=\"_blank\" rel=\"noopener nofollow\">https:\/\/becasprogresar.educacion.gob.ar\/map<\/a><\/p>\n<\/div>\n","protected":false},"excerpt":{"rendered":"<p>Del 1 al 31 de marzo de 2019 se podr\u00e1n inscribir para las BECAS PROGRESAR. Si la recibiste en el a\u00f1o anterior deber\u00e1n re inscribirse para percibirla en el corriente [&hellip;]<\/p>\n","protected":false},"author":2,"featured_media":1103,"comment_status":"open","ping_status":"open","sticky":false,"template":"","format":"standard","meta":{"_mi_skip_tracking":false,"_exactmetrics_sitenote_active":false,"_exactmetrics_sitenote_note":"","_exactmetrics_sitenote_category":0},"categories":[21],"tags":[],"_links":{"self":[{"href":"https:\/\/www.arte.unicen.edu.ar\/sustentarte\/index.php\/wp-json\/wp\/v2\/posts\/1102"}],"collection":[{"href":"https:\/\/www.arte.unicen.edu.ar\/sustentarte\/index.php\/wp-json\/wp\/v2\/posts"}],"about":[{"href":"https:\/\/www.arte.unicen.edu.ar\/sustentarte\/index.php\/wp-json\/wp\/v2\/types\/post"}],"author":[{"embeddable":true,"href":"https:\/\/www.arte.unicen.edu.ar\/sustentarte\/index.php\/wp-json\/wp\/v2\/users\/2"}],"replies":[{"embeddable":true,"href":"https:\/\/www.arte.unicen.edu.ar\/sustentarte\/index.php\/wp-json\/wp\/v2\/comments?post=1102"}],"version-history":[{"count":1,"href":"https:\/\/www.arte.unicen.edu.ar\/sustentarte\/index.php\/wp-json\/wp\/v2\/posts\/1102\/revisions"}],"predecessor-version":[{"id":1104,"href":"https:\/\/www.arte.unicen.edu.ar\/sustentarte\/index.php\/wp-json\/wp\/v2\/posts\/1102\/revisions\/1104"}],"wp:featuredmedia":[{"embeddable":true,"href":"https:\/\/www.arte.unicen.edu.ar\/sustentarte\/index.php\/wp-json\/wp\/v2\/media\/1103"}],"wp:attachment":[{"href":"https:\/\/www.arte.unicen.edu.ar\/sustentarte\/index.php\/wp-json\/wp\/v2\/media?parent=1102"}],"wp:term":[{"taxonomy":"category","embeddable":true,"href":"https:\/\/www.arte.unicen.edu.ar\/sustentarte\/index.php\/wp-json\/wp\/v2\/categories?post=1102"},{"taxonomy":"post_tag","embeddable":true,"href":"https:\/\/www.arte.unicen.edu.ar\/sustentarte\/index.php\/wp-json\/wp\/v2\/tags?post=1102"}],"curies":[{"name":"wp","href":"https:\/\/api.w.org\/{rel}","templated":true}]}}