{"id":966,"date":"2018-08-16T13:32:49","date_gmt":"2018-08-16T16:32:49","guid":{"rendered":"https:\/\/www.arte.unicen.edu.ar\/indees\/?p=966"},"modified":"2018-08-16T13:32:49","modified_gmt":"2018-08-16T16:32:49","slug":"se-presento-el-libro-carlos-di-pasquo-escenografo-en-la-15o-feria-del-libro-tandil","status":"publish","type":"post","link":"https:\/\/www.arte.unicen.edu.ar\/indees\/se-presento-el-libro-carlos-di-pasquo-escenografo-en-la-15o-feria-del-libro-tandil\/","title":{"rendered":"Se present\u00f3 el libro \u201cCarlos Di Pasquo, escen\u00f3grafo\u201d en la 15\u00ba Feria del Libro Tandil"},"content":{"rendered":"<p style=\"text-align: justify;\">En un emotivo encuentro, se present\u00f3 el libro &#8220;Carlos Di Pasquo, escen\u00f3grafo&#8221; compilado por Marcelo Jaureguiberry, el pasado s\u00e1bado 11 de agosto, en el marco de la 15\u00b0 Feria del Libro de Tandil. Participaron del panel de presentaci\u00f3n en la sala Borges, Marcelo Jaureguiberry, Gabriela P\u00e9rez Cubas y Mar\u00eda Guadalupe Suasnabar.<\/p>\n<p style=\"text-align: justify;\">Las palabras iniciales estuvieron a cargo de Mar\u00eda Guadalupe Suasn\u00e1bar, quien explic\u00f3 que este libro es el resultado de los trabajos de recuperaci\u00f3n, digitalizaci\u00f3n y catalogaci\u00f3n de la obra escenogr\u00e1fica de Carlos Di Pasquo, tarea realizada por los investigadores del Instituto de Estudios Escenogr\u00e1ficos en Artes Esc\u00e9nicas y Audiovisuales (INDEES) de la Facultad de Arte.<\/p>\n<p style=\"text-align: justify;\">Gabriela P\u00e9rez Cubas, por su parte narr\u00f3 su experiencia de lectura del libro, c\u00f3mo pudo descubrir la vida art\u00edstica de Carlos Di Pasquo, entre l\u00edneas. Los textos y las im\u00e1genes, se enlazan de manera amorosa, expres\u00f3 Perez Cubas, y nos proponen un recorrido en el que va apareciendo una biograf\u00eda art\u00edstica del escen\u00f3grafo, en donde objetividad y an\u00e1lisis est\u00e1n en plena comuni\u00f3n con subjetividad y recuerdo.<\/p>\n<p style=\"text-align: justify;\">Hacia el final, Marcelo Jaureguiberry expres\u00f3 que este libro es un libro de voces. Cada uno de los profesionales, amigos, cr\u00edticos y docentes que escriben en \u00e9l, as\u00ed como las obras seleccionadas, 18 de unas 200, nos ofrecen diferentes miradas de una vida dedicada a \u201cescenografiar\u201d. Esos testimonios nos ayudan a percibir el trabajo y la vida de este gran maestro.<\/p>\n<p style=\"text-align: justify;\">El libro incluye los relatos de Mar\u00eda de las Nieves Alonso y Alberto \u201cTucho\u201d Far\u00edas, Olga Cosentino, Francisco Javier, Ana Seoane, Carlos Pacheco y Elizabteh Vita. Se presentan tambi\u00e9n, 18 obras de m\u00e1s de 200 que recorren su vasta trayectoria profesional desde sus inicios en Venezuela hasta el a\u00f1o 2015.<\/p>\n<p>&nbsp;<\/p>\n<p style=\"text-align: justify;\"><strong>Compilador:<\/strong> Marcelo Jaureguiberry. <strong>Sistematizaci\u00f3n, digitalizaci\u00f3n y catalogaci\u00f3n del Fondo Documental Carlos Di Pasquo:<\/strong> INDEES (Facultad de Arte Universidad Nacional del Centro de la Pcia. de Buenos Aires). <strong>Gesti\u00f3n Editorial y producci\u00f3n ejecutiva<\/strong>: Arq. Gabriela Luna de Ra\u00edz Taller. <strong>Dise\u00f1o gr\u00e1fico:<\/strong> Daniel Wolkowicz. <strong>Edici\u00f3n:<\/strong> Wolkowicz Editores.<\/p>\n","protected":false},"excerpt":{"rendered":"<p>En un emotivo encuentro, se present\u00f3 el libro &#8220;Carlos Di Pasquo, escen\u00f3grafo&#8221; compilado por Marcelo Jaureguiberry, el pasado s\u00e1bado 11 de agosto, en el marco de la 15\u00b0 Feria&#8230; <\/p>\n<div align=\"right\"><a href=\"https:\/\/www.arte.unicen.edu.ar\/indees\/se-presento-el-libro-carlos-di-pasquo-escenografo-en-la-15o-feria-del-libro-tandil\/\" class=\"read-more\"><span class=\"fa fa-hand-o-right\"><\/span> Leer m\u00e1s&#8230;<\/a><\/div>\n","protected":false},"author":1,"featured_media":967,"comment_status":"closed","ping_status":"closed","sticky":false,"template":"","format":"standard","meta":{"footnotes":""},"categories":[3],"tags":[21,43,58,73],"_links":{"self":[{"href":"https:\/\/www.arte.unicen.edu.ar\/indees\/wp-json\/wp\/v2\/posts\/966"}],"collection":[{"href":"https:\/\/www.arte.unicen.edu.ar\/indees\/wp-json\/wp\/v2\/posts"}],"about":[{"href":"https:\/\/www.arte.unicen.edu.ar\/indees\/wp-json\/wp\/v2\/types\/post"}],"author":[{"embeddable":true,"href":"https:\/\/www.arte.unicen.edu.ar\/indees\/wp-json\/wp\/v2\/users\/1"}],"replies":[{"embeddable":true,"href":"https:\/\/www.arte.unicen.edu.ar\/indees\/wp-json\/wp\/v2\/comments?post=966"}],"version-history":[{"count":0,"href":"https:\/\/www.arte.unicen.edu.ar\/indees\/wp-json\/wp\/v2\/posts\/966\/revisions"}],"wp:featuredmedia":[{"embeddable":true,"href":"https:\/\/www.arte.unicen.edu.ar\/indees\/wp-json\/wp\/v2\/media\/967"}],"wp:attachment":[{"href":"https:\/\/www.arte.unicen.edu.ar\/indees\/wp-json\/wp\/v2\/media?parent=966"}],"wp:term":[{"taxonomy":"category","embeddable":true,"href":"https:\/\/www.arte.unicen.edu.ar\/indees\/wp-json\/wp\/v2\/categories?post=966"},{"taxonomy":"post_tag","embeddable":true,"href":"https:\/\/www.arte.unicen.edu.ar\/indees\/wp-json\/wp\/v2\/tags?post=966"}],"curies":[{"name":"wp","href":"https:\/\/api.w.org\/{rel}","templated":true}]}}