{"id":86,"date":"2013-10-16T17:34:33","date_gmt":"2013-10-16T20:34:33","guid":{"rendered":"https:\/\/www.arte.unicen.edu.ar\/indees\/?p=86"},"modified":"2013-10-16T17:34:33","modified_gmt":"2013-10-16T20:34:33","slug":"griselda-gambaro-silvio-lang-y-gonzalo-cordova-en-primer-congreso-nacional-de-escenografia","status":"publish","type":"post","link":"https:\/\/www.arte.unicen.edu.ar\/indees\/griselda-gambaro-silvio-lang-y-gonzalo-cordova-en-primer-congreso-nacional-de-escenografia\/","title":{"rendered":"Griselda Gambaro, Silvio Lang y Gonzalo C\u00f3rdova en I Congreso Nacional de Escenograf\u00eda"},"content":{"rendered":"<p><a href=\"https:\/\/www.arte.unicen.edu.ar\/indees\/wp-content\/uploads\/2013\/10\/principal-griselda-gambaro_grande-1-1.jpg\" class=\"fancybox\" title=\"Griselda Gambaro, Silvio Lang y Gonzalo C\u00f3rdova en I Congreso Nacional de Escenograf\u00eda\"><img loading=\"lazy\" decoding=\"async\" class=\" size-medium wp-image-148 aligncenter\" src=\"https:\/\/www.arte.unicen.edu.ar\/indees\/wp-content\/uploads\/2013\/10\/principal-griselda-gambaro_grande-1-300x186.jpg\" alt=\"principal-griselda-gambaro_grande\" width=\"300\" height=\"186\" srcset=\"https:\/\/www.arte.unicen.edu.ar\/indees\/wp-content\/uploads\/2013\/10\/principal-griselda-gambaro_grande-1-300x186.jpg 300w, https:\/\/www.arte.unicen.edu.ar\/indees\/wp-content\/uploads\/2013\/10\/principal-griselda-gambaro_grande-1.jpg 500w\" sizes=\"(max-width: 300px) 100vw, 300px\" \/><\/a><strong>Griselda Gambaro<\/strong>, junto con gran parte del equipo creativo de \u201cQuerido Ibsen: soy Nora\u201d (actualmente en cartel en el Teatro Municipal General San Mart\u00edn de la Capital Federal) estar\u00e1n presentes en el Primer Congreso Nacional de Escenograf\u00eda, que se llevar\u00e1 a cabo en la ciudad de Tandil entre los d\u00edas 13 y 16 de noviembre del presente a\u00f1o. Este evento es organizado por el Instituto de Estudios Escenogr\u00e1ficos en Artes Esc\u00e9nicas y Audiovisuales de la Facultad de Arte de la Universidad Nacional del Centro de la Provincia de Buenos Aires.<\/p>\n<p>La dramaturga argentina participar\u00e1 en un coloquio sobre el proceso creativo de su \u00faltima obra. El eje de la charla girar\u00e1 en torno a la creaci\u00f3n del espacio y las im\u00e1genes en el texto literario y su posterior traspaso a la escena. La acompa\u00f1ar\u00e1n Silvio Lang, director de la puesta en escena, y Gonzalo C\u00f3rdova, escen\u00f3grafo e iluminador, lo que permitir\u00e1 comentar todo el recorrido desde la imaginaci\u00f3n de la autora hasta su materializaci\u00f3n en la escena junto con la relaci\u00f3n que se establece entre todos estos roles en el trabajo de puesta en escena.<br \/>\nSin duda esta mesa ser\u00e1 uno de los momentos m\u00e1s interesantes del Congreso en cuanto podremos disfrutar de la presencia de una gran dramaturga y de profesionales de la escena argentina de primer\u00edsimo nivel tanto nacional como internacional.<\/p>\n<p>Griselda Gambaro \u2013 novelista y dramaturga. Ha escrito m\u00e1s de 40 obras que fueron llevadas a escena, entre ellas se encuentran La Malasangre, Dar la vuelta, Sucede lo que pasa, El desatino, Ant\u00edgona furiosa, Se\u00f1ora Macbeth, Decir si, Nada que ver, De profesi\u00f3n maternal, etc. Premiada y reconocida por la cr\u00edtica local e internacional, recibi\u00f3 premios en nuestro pa\u00eds, M\u00e9xico y Espa\u00f1a. Actualmente se encuentra en escena la obra Querido Ibsen: soy Nora en el Teatro Municipal San Mart\u00edn de la ciudad de Buenos Aires.<\/p>\n<p>Silvio Lang \u2013 director, escritor y docente. Coordinador cultural del Programa Lectura Mundi de la Universidad Nacional de San Martin. Ha puesto en escenas obras de Eur\u00edpides, Duras, Mishima, Gambaro, Badiou, entre otros. Escribi\u00f3 y dirigi\u00f3 la obra Tango n\u00f3made y actualmente dirig\u00ed la obra Querido Ibsen: soy Nora en el Teatro Municipal San Martin en Buenos Aires.<\/p>\n<p>Gonzalo C\u00f3rdova \u2013 escen\u00f3grafo, iluminador y escritor. Trabajo en teatro y \u00f3pera. Fue Director T\u00e9cnico del Festival Internacional de Teatro de Buenos Aires en 2009 y 2011. Recibi\u00f3 el premio ACE por la iluminaci\u00f3n de Las Troyanas, Enrique IV, Muerte de un viajante y Quartett. Tambi\u00e9n ha obtenido el premio Estrella de Mar y diploma al merito de la Fundaci\u00f3n Konex en el a\u00f1o 2011.<\/p>\n<p><a href=\"https:\/\/www.arte.unicen.edu.ar\/indees\/wp-content\/uploads\/2013\/10\/img113-1-1.jpg\" class=\"fancybox\" title=\"Griselda Gambaro, Silvio Lang y Gonzalo C\u00f3rdova en I Congreso Nacional de Escenograf\u00eda\"><img loading=\"lazy\" decoding=\"async\" class=\" size-medium wp-image-150 aligncenter\" src=\"https:\/\/www.arte.unicen.edu.ar\/indees\/wp-content\/uploads\/2013\/10\/img113-1-187x300.jpg\" alt=\"img113\" width=\"187\" height=\"300\" srcset=\"https:\/\/www.arte.unicen.edu.ar\/indees\/wp-content\/uploads\/2013\/10\/img113-1-187x300.jpg 187w, https:\/\/www.arte.unicen.edu.ar\/indees\/wp-content\/uploads\/2013\/10\/img113-1-768x1231.jpg 768w, https:\/\/www.arte.unicen.edu.ar\/indees\/wp-content\/uploads\/2013\/10\/img113-1-639x1024.jpg 639w, https:\/\/www.arte.unicen.edu.ar\/indees\/wp-content\/uploads\/2013\/10\/img113-1.jpg 998w\" sizes=\"(max-width: 187px) 100vw, 187px\" \/><\/a><\/p>\n","protected":false},"excerpt":{"rendered":"<p>Griselda Gambaro, junto con gran parte del equipo creativo de \u201cQuerido Ibsen: soy Nora\u201d (actualmente en cartel en el Teatro Municipal General San Mart\u00edn de la Capital Federal) estar\u00e1n&#8230; <\/p>\n<div align=\"right\"><a href=\"https:\/\/www.arte.unicen.edu.ar\/indees\/griselda-gambaro-silvio-lang-y-gonzalo-cordova-en-primer-congreso-nacional-de-escenografia\/\" class=\"read-more\"><span class=\"fa fa-hand-o-right\"><\/span> Leer m\u00e1s&#8230;<\/a><\/div>\n","protected":false},"author":2,"featured_media":148,"comment_status":"closed","ping_status":"closed","sticky":false,"template":"","format":"standard","meta":{"footnotes":""},"categories":[3],"tags":[27,53,55,108],"_links":{"self":[{"href":"https:\/\/www.arte.unicen.edu.ar\/indees\/wp-json\/wp\/v2\/posts\/86"}],"collection":[{"href":"https:\/\/www.arte.unicen.edu.ar\/indees\/wp-json\/wp\/v2\/posts"}],"about":[{"href":"https:\/\/www.arte.unicen.edu.ar\/indees\/wp-json\/wp\/v2\/types\/post"}],"author":[{"embeddable":true,"href":"https:\/\/www.arte.unicen.edu.ar\/indees\/wp-json\/wp\/v2\/users\/2"}],"replies":[{"embeddable":true,"href":"https:\/\/www.arte.unicen.edu.ar\/indees\/wp-json\/wp\/v2\/comments?post=86"}],"version-history":[{"count":0,"href":"https:\/\/www.arte.unicen.edu.ar\/indees\/wp-json\/wp\/v2\/posts\/86\/revisions"}],"wp:featuredmedia":[{"embeddable":true,"href":"https:\/\/www.arte.unicen.edu.ar\/indees\/wp-json\/wp\/v2\/media\/148"}],"wp:attachment":[{"href":"https:\/\/www.arte.unicen.edu.ar\/indees\/wp-json\/wp\/v2\/media?parent=86"}],"wp:term":[{"taxonomy":"category","embeddable":true,"href":"https:\/\/www.arte.unicen.edu.ar\/indees\/wp-json\/wp\/v2\/categories?post=86"},{"taxonomy":"post_tag","embeddable":true,"href":"https:\/\/www.arte.unicen.edu.ar\/indees\/wp-json\/wp\/v2\/tags?post=86"}],"curies":[{"name":"wp","href":"https:\/\/api.w.org\/{rel}","templated":true}]}}