{"id":815,"date":"2016-10-24T14:06:43","date_gmt":"2016-10-24T17:06:43","guid":{"rendered":"https:\/\/www.arte.unicen.edu.ar\/indees\/?p=815"},"modified":"2016-10-24T14:06:43","modified_gmt":"2016-10-24T17:06:43","slug":"el-indees-presente-en-la-exposicion-homenaje-al-escenografo-guillermo-de-la-torre-en-el-teatro-nacional-cervantes","status":"publish","type":"post","link":"https:\/\/www.arte.unicen.edu.ar\/indees\/el-indees-presente-en-la-exposicion-homenaje-al-escenografo-guillermo-de-la-torre-en-el-teatro-nacional-cervantes\/","title":{"rendered":"El INDEES presente en la exposici\u00f3n homenaje al escen\u00f3grafo Guillermo de la Torre en el Teatro Nacional Cervantes."},"content":{"rendered":"<p style=\"text-align: justify;\">El pr\u00f3ximo <strong>jueves 27 de octubre<\/strong> a las <strong>18:30<\/strong> hs en el <strong>Teatro Nacional Cervantes<\/strong>, se realizar\u00e1 la inauguraci\u00f3n de la <strong>exposici\u00f3n homenaje al escen\u00f3grafo Guillermo de la Torre,<\/strong> quien fuera Director T\u00e9cnico del Teatro y vicepresidente de la Asociaci\u00f3n Amigos del Teatro hasta su fallecimiento el \u00faltimo 15 de septiembre.<\/p>\n<p style=\"text-align: justify;\">El foyer, el Sal\u00f3n Azul y la Sala <em>a foro<\/em> del Teatro ser\u00e1n el escenario para<em><strong> Un recorrido por la obra de Guillermo de la Torre <\/strong><\/em>que surgi\u00f3 de la iniciativa de trabajadores del \u00e1rea de Escenograf\u00eda del Teatro, a quienes pronto se unieron otros espacios para darle forma al homenaje que se enmarca en el ciclo <em>El Cervantes en el Cervantes<\/em>.\u00a0La exposici\u00f3n presenta un recorrido por la producci\u00f3n del escen\u00f3grafo, recreando sus espacios de trabajo, exhibi\u00e9ndose bocetos, elementos de utiler\u00eda y vestuarios, considerados patrimonio hist\u00f3rico, as\u00ed tambi\u00e9n materiales de las producciones que realiz\u00f3 en el Teatro Nacional Cervantes desde 1974 hasta 2006.<\/p>\n<p style=\"text-align: justify;\">En esta oportunidad, el <strong>Instituto de Estudios Escenogr\u00e1ficos<\/strong> (INDEES-CID), dependiente de la Facultad de Arte de la Universidad Nacional del Centro de la Provincia de Buenos Aires, acompa\u00f1a con la exposici\u00f3n &#8220;<em>Guillermo de la Torre, escen\u00f3grafo<\/em>&#8220;, la cual rescata y pone en valor bocetos, materiales de estudio, l\u00e1minas, fotograf\u00edas de sus producciones, que conforman una peque\u00f1a parte del voluminoso Fondo Documental del escen\u00f3grafo donado al Instituto. Esta muestra fue curada por el Dr. Marcelo Jaureguiberry, con el apoyo del Instituto Nacional del Teatro y de la Facultad de Arte (UNICEN), y ser\u00e1 presentada en esta oportunidad por las investigadoras Mar\u00eda Guadalupe Suasn\u00e1bar y Lucrecia Etchecoin. Asimismo, en la inauguraci\u00f3n, el artista pl\u00e1stico Antonio Puj\u00eda y los escen\u00f3grafos Ren\u00e9 Divi\u00fa y Vanesa Abramovich acompa\u00f1aran la presentaci\u00f3n aportando an\u00e9cdotas y recuerdos de los a\u00f1os de formaci\u00f3n y trabajo con el escen\u00f3grafo.<\/p>\n<p style=\"text-align: justify;\">La exposici\u00f3n permanecer\u00e1 abierta de mi\u00e9rcoles a domingos en el horario de 17 hs. a 21 hs. hasta el 6 de noviembre en Libertad 815 en la Ciudad Aut\u00f3noma de Buenos Aires, con entrada libre y gratuita.<\/p>\n","protected":false},"excerpt":{"rendered":"<p>El pr\u00f3ximo jueves 27 de octubre a las 18:30 hs en el Teatro Nacional Cervantes, se realizar\u00e1 la inauguraci\u00f3n de la exposici\u00f3n homenaje al escen\u00f3grafo Guillermo de la Torre,&#8230; <\/p>\n<div align=\"right\"><a href=\"https:\/\/www.arte.unicen.edu.ar\/indees\/el-indees-presente-en-la-exposicion-homenaje-al-escenografo-guillermo-de-la-torre-en-el-teatro-nacional-cervantes\/\" class=\"read-more\"><span class=\"fa fa-hand-o-right\"><\/span> Leer m\u00e1s&#8230;<\/a><\/div>\n","protected":false},"author":1,"featured_media":821,"comment_status":"closed","ping_status":"closed","sticky":false,"template":"","format":"standard","meta":{"footnotes":""},"categories":[3],"tags":[43,48,56,58,77,80,82,100,102,110,113],"_links":{"self":[{"href":"https:\/\/www.arte.unicen.edu.ar\/indees\/wp-json\/wp\/v2\/posts\/815"}],"collection":[{"href":"https:\/\/www.arte.unicen.edu.ar\/indees\/wp-json\/wp\/v2\/posts"}],"about":[{"href":"https:\/\/www.arte.unicen.edu.ar\/indees\/wp-json\/wp\/v2\/types\/post"}],"author":[{"embeddable":true,"href":"https:\/\/www.arte.unicen.edu.ar\/indees\/wp-json\/wp\/v2\/users\/1"}],"replies":[{"embeddable":true,"href":"https:\/\/www.arte.unicen.edu.ar\/indees\/wp-json\/wp\/v2\/comments?post=815"}],"version-history":[{"count":0,"href":"https:\/\/www.arte.unicen.edu.ar\/indees\/wp-json\/wp\/v2\/posts\/815\/revisions"}],"wp:featuredmedia":[{"embeddable":true,"href":"https:\/\/www.arte.unicen.edu.ar\/indees\/wp-json\/wp\/v2\/media\/821"}],"wp:attachment":[{"href":"https:\/\/www.arte.unicen.edu.ar\/indees\/wp-json\/wp\/v2\/media?parent=815"}],"wp:term":[{"taxonomy":"category","embeddable":true,"href":"https:\/\/www.arte.unicen.edu.ar\/indees\/wp-json\/wp\/v2\/categories?post=815"},{"taxonomy":"post_tag","embeddable":true,"href":"https:\/\/www.arte.unicen.edu.ar\/indees\/wp-json\/wp\/v2\/tags?post=815"}],"curies":[{"name":"wp","href":"https:\/\/api.w.org\/{rel}","templated":true}]}}