{"id":77,"date":"2013-09-11T16:46:10","date_gmt":"2013-09-11T19:46:10","guid":{"rendered":"https:\/\/www.arte.unicen.edu.ar\/indees\/?p=77"},"modified":"2013-09-11T16:46:10","modified_gmt":"2013-09-11T19:46:10","slug":"marcelo-pont-verges-y-felix-monti-en-el-congreso-nacional-de-escenografia","status":"publish","type":"post","link":"https:\/\/www.arte.unicen.edu.ar\/indees\/marcelo-pont-verges-y-felix-monti-en-el-congreso-nacional-de-escenografia\/","title":{"rendered":"Marcelo Pont Verg\u00e9s y F\u00e9lix Monti en el I Congreso Nacional de Escenograf\u00eda"},"content":{"rendered":"<p>Han confirmado su presencia al <strong>Primer Congreso Nacional de Escenograf\u00eda<\/strong> (13 al 16 de Noviembre, Tandil) <strong>Marcelo Pont Verg\u00e9s<\/strong> y <strong>F\u00e9lix Monti<\/strong>, director de arte y director de fotograf\u00eda respectivamente, de la pel\u00edcula argentina ganadora del Oscar, El secreto de sus ojos.<br \/>\nSeg\u00fan el Instituto Nacional de Cine y Artes Audiovisuales (INCAA) <em>El secreto de sus ojos<\/em> se transform\u00f3 en el mayor \u00e9xito de taquilla nacional desde la vuelta de la democracia en 1983 con dos millones y medio de espectadores. Este \u00e9xito en las salas nacionales se replic\u00f3 con la entrega del Premio Goya a la Mejor Pel\u00edcula Hispanoamericana y el <em>Premio Oscar a la Mejor Pel\u00edcula Extranjera<\/em>. As\u00ed mismo, tanto Marcelo Pont como F\u00e9lix Monti recibieron el Premio Sur otorgado por La Academia de las Artes y Ciencias Cinematogr\u00e1ficas de la Argentina.<\/p>\n<p><strong>F\u00e9lix Monti<\/strong> ha sido director de fotograf\u00eda de exitosas pel\u00edculas tanto nacionales como internacionales, entre las cuales se distinguen <em>El secreto de sus ojos<\/em>, <em>El Mural<\/em>, <em>Mi primera Boda<\/em>, <em>La ni\u00f1a santa<\/em>, <em>Jacobina<\/em> (Per\u00fa), <em>O auto da compadecida<\/em> (Brasil), <em>La historia Oficial<\/em>, entre una extensa filmograf\u00eda. Se ha destacado por su trabajo en la miniserie <em>Vientos de Agua<\/em> producida para televisi\u00f3n. Tambi\u00e9n se ha dedicado al dise\u00f1o de iluminaci\u00f3n en teatro, \u00f3pera y ballet. Ha ganado muchos premios entre los cuales quiz\u00e1s se destaque el Fausto de Oro a Mejor Fotograf\u00eda en 1985. Ha declarado respecto de su trabajo que, \u201cUno ve en la luz y en las sombras que maneja una imagen, una comunicaci\u00f3n muy fuerte. Es realmente la base desde la que se cuenta la historia. Y es uno de los veh\u00edculos m\u00e1s fuertes en los que el actor se apoya para transmitir su emoci\u00f3n.\u201d<\/p>\n<p><strong>Marcelo Pont Verg\u00e9s<\/strong> es director de arte y dise\u00f1ador de producci\u00f3n en largometrajes y cine publicitario, adem\u00e1s de destacarse como escen\u00f3grafo de \u00f3peras, musicales y teatro. Entre sus trabajos m\u00e1s reconocidos encontramos la direcci\u00f3n de arte de los films El secreto de sus ojos, Hora Cero, Puras Joyitas (Venezuela), Jenniffer\u2019s Shadow, entre otras pel\u00edculas destacadas. Mutipremiado en diferentes pa\u00edses, reconocido y galardonado en el Festival de Cine Venezolano en su edici\u00f3n 2008, e incluso en el New York Festival, EEUU, en 1997. Ha dicho respecto de su forma de trabajo, &#8220;Investigo profundamente antes de comenzar a dise\u00f1ar para luego tener la libertad de reinventar una realidad&#8230;&#8221;<\/p>\n<p>La participaci\u00f3n de esta dupla creativa en el <strong>I Congreso Nacional de Escenograf\u00eda<\/strong> contin\u00faa subrayando el importante aporte que el <strong>Instituto de Estudios Escenogr\u00e1ficos en Artes Esc\u00e9nicas y Audiovisuales<\/strong> (<a href=\"http:\/\/indees.com.ar\" target=\"_blank\" rel=\"noopener noreferrer\">www.indees.com.ar<\/a>) realiza en referencia al campo de la puesta en escena y el arte escenogr\u00e1fico a nivel nacional.<\/p>\n","protected":false},"excerpt":{"rendered":"<p>Han confirmado su presencia al Primer Congreso Nacional de Escenograf\u00eda (13 al 16 de Noviembre, Tandil) Marcelo Pont Verg\u00e9s y F\u00e9lix Monti, director de arte y director de fotograf\u00eda&#8230; <\/p>\n<div align=\"right\"><a href=\"https:\/\/www.arte.unicen.edu.ar\/indees\/marcelo-pont-verges-y-felix-monti-en-el-congreso-nacional-de-escenografia\/\" class=\"read-more\"><span class=\"fa fa-hand-o-right\"><\/span> Leer m\u00e1s&#8230;<\/a><\/div>\n","protected":false},"author":2,"featured_media":175,"comment_status":"closed","ping_status":"closed","sticky":false,"template":"","format":"standard","meta":{"footnotes":""},"categories":[3],"tags":[28,49,58,79],"_links":{"self":[{"href":"https:\/\/www.arte.unicen.edu.ar\/indees\/wp-json\/wp\/v2\/posts\/77"}],"collection":[{"href":"https:\/\/www.arte.unicen.edu.ar\/indees\/wp-json\/wp\/v2\/posts"}],"about":[{"href":"https:\/\/www.arte.unicen.edu.ar\/indees\/wp-json\/wp\/v2\/types\/post"}],"author":[{"embeddable":true,"href":"https:\/\/www.arte.unicen.edu.ar\/indees\/wp-json\/wp\/v2\/users\/2"}],"replies":[{"embeddable":true,"href":"https:\/\/www.arte.unicen.edu.ar\/indees\/wp-json\/wp\/v2\/comments?post=77"}],"version-history":[{"count":0,"href":"https:\/\/www.arte.unicen.edu.ar\/indees\/wp-json\/wp\/v2\/posts\/77\/revisions"}],"wp:featuredmedia":[{"embeddable":true,"href":"https:\/\/www.arte.unicen.edu.ar\/indees\/wp-json\/wp\/v2\/media\/175"}],"wp:attachment":[{"href":"https:\/\/www.arte.unicen.edu.ar\/indees\/wp-json\/wp\/v2\/media?parent=77"}],"wp:term":[{"taxonomy":"category","embeddable":true,"href":"https:\/\/www.arte.unicen.edu.ar\/indees\/wp-json\/wp\/v2\/categories?post=77"},{"taxonomy":"post_tag","embeddable":true,"href":"https:\/\/www.arte.unicen.edu.ar\/indees\/wp-json\/wp\/v2\/tags?post=77"}],"curies":[{"name":"wp","href":"https:\/\/api.w.org\/{rel}","templated":true}]}}