{"id":759,"date":"2016-05-10T16:54:41","date_gmt":"2016-05-10T19:54:41","guid":{"rendered":"https:\/\/www.arte.unicen.edu.ar\/indees\/?p=759"},"modified":"2016-05-10T16:54:41","modified_gmt":"2016-05-10T19:54:41","slug":"valentin-orozco-el-polifacetico-artista-mexicano-del-teatro-participara-del-primer-congreso-internacional-de-escenografia-2016","status":"publish","type":"post","link":"https:\/\/www.arte.unicen.edu.ar\/indees\/valentin-orozco-el-polifacetico-artista-mexicano-del-teatro-participara-del-primer-congreso-internacional-de-escenografia-2016\/","title":{"rendered":"VALENT\u00cdN OROZCO, el polifac\u00e9tico artista mexicano del teatro, participar\u00e1 del Primer Congreso Internacional de Escenograf\u00eda 2016."},"content":{"rendered":"<p style=\"text-align: justify;\">Valent\u00edn Orozco participar\u00e1 del Primer Congreso Internacional de Escenograf\u00eda a celebrarse del 18 al 21 de mayo en Tandil, presentando el libro de su autor\u00eda MANUAL B\u00c1SICO DE ILUMINACI\u00d3N ESC\u00c9NICA (colecci\u00f3n escenolog\u00eda, 2002).\u00a0El libro nos proporciona un acercamiento a las situaciones especificas que se presentan durante el ejercicio de la iluminaci\u00f3n, y se constituye en una gu\u00eda frente a las mismas.\u00a0En la contratapa puede leerse, &#8220;\u2026 este manual (&#8230;) orienta a quien se interese en los sucesos lum\u00ednicos del escenario. Proporciona un acercamiento desde elementos b\u00e1sicos hasta el plano y dise\u00f1o de iluminaci\u00f3n; es fundamentalmente (\u2026) un instrumento de apoyo&#8221;<\/p>\n<p style=\"text-align: justify;\">Como profesional del teatro, Valent\u00edn Orozco ha transitado la actuaci\u00f3n, adaptaci\u00f3n de textos, producci\u00f3n y realizaci\u00f3n teatral. En los \u00faltimos diez a\u00f1os se ha especializado en iluminaci\u00f3n, direcci\u00f3n y escenograf\u00eda. Trabaj\u00f3 con los directores Ludwick Margules, Alberto Lomnitz, Enrique Singer, Marcelo Jaureguiberry, H\u00e9ctor Bonilla, Carlos Trejo, entre otros. Ha participado en diversas giras y festivales nacionales e internacionales. Entre sus montajes se destacan Freno de mano, Becket o nosotros, El miedoso asustado, Un maullido en la azotea, Tiempo de ardillas, Rinc\u00f3n de villancicos, La historia del zool\u00f3gico, Profanaci\u00f3n, En el tren, entre muchos otros. <\/p>\n<p>Actualmente es docente en la licenciatura en Teatro en la Escuela Popular de Bellas Artes de la Universidad Michoacana de San Nicol\u00e1s de Hidalgo (M\u00e9xico). Ha colaborado en diferentes proyectos: becarios del FONCA; ciclo de teatro clandestino de Casa del Teatro; Teatro escolar con el INBA; en la iniciativa privada con OCESA, MTV, TELEVISA, ARGOS, FESTIVAL AVIV, ARTTEATRO-BANCOMER; con instituciones culturales como la UNAM, el teatro Hel\u00e9nico, el CNA entre otras. Becario del FOESCAM emisi\u00f3n 2002 para la realizaci\u00f3n del libro Manual b\u00e1sico de iluminaci\u00f3n esc\u00e9nica.<\/p>\n","protected":false},"excerpt":{"rendered":"<p>Valent\u00edn Orozco participar\u00e1 del Primer Congreso Internacional de Escenograf\u00eda a celebrarse del 18 al 21 de mayo en Tandil, presentando el libro de su autor\u00eda MANUAL B\u00c1SICO DE ILUMINACI\u00d3N&#8230; <\/p>\n<div align=\"right\"><a href=\"https:\/\/www.arte.unicen.edu.ar\/indees\/valentin-orozco-el-polifacetico-artista-mexicano-del-teatro-participara-del-primer-congreso-internacional-de-escenografia-2016\/\" class=\"read-more\"><span class=\"fa fa-hand-o-right\"><\/span> Leer m\u00e1s&#8230;<\/a><\/div>\n","protected":false},"author":1,"featured_media":767,"comment_status":"closed","ping_status":"closed","sticky":false,"template":"","format":"standard","meta":{"footnotes":""},"categories":[3],"tags":[75,94,112],"_links":{"self":[{"href":"https:\/\/www.arte.unicen.edu.ar\/indees\/wp-json\/wp\/v2\/posts\/759"}],"collection":[{"href":"https:\/\/www.arte.unicen.edu.ar\/indees\/wp-json\/wp\/v2\/posts"}],"about":[{"href":"https:\/\/www.arte.unicen.edu.ar\/indees\/wp-json\/wp\/v2\/types\/post"}],"author":[{"embeddable":true,"href":"https:\/\/www.arte.unicen.edu.ar\/indees\/wp-json\/wp\/v2\/users\/1"}],"replies":[{"embeddable":true,"href":"https:\/\/www.arte.unicen.edu.ar\/indees\/wp-json\/wp\/v2\/comments?post=759"}],"version-history":[{"count":0,"href":"https:\/\/www.arte.unicen.edu.ar\/indees\/wp-json\/wp\/v2\/posts\/759\/revisions"}],"wp:featuredmedia":[{"embeddable":true,"href":"https:\/\/www.arte.unicen.edu.ar\/indees\/wp-json\/"}],"wp:attachment":[{"href":"https:\/\/www.arte.unicen.edu.ar\/indees\/wp-json\/wp\/v2\/media?parent=759"}],"wp:term":[{"taxonomy":"category","embeddable":true,"href":"https:\/\/www.arte.unicen.edu.ar\/indees\/wp-json\/wp\/v2\/categories?post=759"},{"taxonomy":"post_tag","embeddable":true,"href":"https:\/\/www.arte.unicen.edu.ar\/indees\/wp-json\/wp\/v2\/tags?post=759"}],"curies":[{"name":"wp","href":"https:\/\/api.w.org\/{rel}","templated":true}]}}