{"id":75,"date":"2013-07-13T17:19:58","date_gmt":"2013-07-13T20:19:58","guid":{"rendered":"https:\/\/www.arte.unicen.edu.ar\/indees\/?p=75"},"modified":"2013-07-13T17:19:58","modified_gmt":"2013-07-13T20:19:58","slug":"hector-calmet-ha-confirmado-su-participacion-en-el-primer-congreso-nacional-de-escenografia-14-al-16-de-noviembre-tandil","status":"publish","type":"post","link":"https:\/\/www.arte.unicen.edu.ar\/indees\/hector-calmet-ha-confirmado-su-participacion-en-el-primer-congreso-nacional-de-escenografia-14-al-16-de-noviembre-tandil\/","title":{"rendered":"H\u00e9ctor Calmet ha confirmado su participaci\u00f3n en el Primer Congreso Nacional de Escenograf\u00eda (14 al 16 de Noviembre, Tandil)"},"content":{"rendered":"<p><em>Sin duda, la presencia de Calmet en el <a href=\"http:\/\/www.indees.com.ar\/congreso-de-escenografia\">I Congreso Nacional de Escenograf\u00eda<\/a> pone de relieve el importante aporte al estudio y la investigaci\u00f3n de las Artes Esc\u00e9nicas en Argentina de la convocatoria del <strong>INDEES<\/strong>, Instituto de Estudios Escenogr\u00e1ficos <a href=\"http:\/\/www.indees.com.ar\" target=\"_blank\" rel=\"noopener noreferrer\">www.indees.com.ar<\/a>.\u00a0Actualmente Calmet es el director t\u00e9cnico del Complejo Teatral ciudad de Buenos Aires (Teatro Municipales General San Mart\u00edn, Teatro Alvear, Teatro Regio, Teatro Sarmiento y Teatro de la Ribera). Su labor actual y su extensa trayectoria convierten al escen\u00f3grafo en una de las personalidades relevantes programadas para este Congreso.<\/em><\/p>\n<p><strong>H\u00e9ctor Calmet<\/strong> cuenta en su haber con m\u00e1s de 190 dise\u00f1os y realizaciones escenogr\u00e1ficas, dise\u00f1os de vestuario e iluminaci\u00f3n en los m\u00e1s prestigiosos teatros de la Argentina. Ha trabajado con notables directores teatrales como Inda Ledesma, Carlos Gandolfo, David Stivel, Omar Grasso, Jos\u00e9 Mar\u00eda Paolantonio, Agust\u00edn Alesso, Hugo Mid\u00f3n, Alfredo Alc\u00f3n, Alejandra Boero, Villanueva Cosse, Hugo Urquijo, Riky Pashkus, Manuel Iedvabni, Leonor Manso, Sergio Ren\u00e1n, Mauricio Kartun, Adelaida Mangani entre otros.<\/p>\n<p>Se desempe\u00f1a como docente de <strong>Escenot\u00e9cnica<\/strong> en la Carrera de especializaci\u00f3n en Administraci\u00f3n de Artes y Espect\u00e1culos (UBA-Facultad de Ciencias Econ\u00f3micas); <strong>Escenot\u00e9cnica e Iluminaci\u00f3n<\/strong> en la Fundaci\u00f3n Amigos del Teatro Municipal General San Mart\u00edn; <strong>Escenot\u00e9cnica-Iluminaci\u00f3n y escenograf\u00eda 1\u00ba-2\u00ba-6\u00ba<\/strong> en la Carrera de Dise\u00f1o de Espect\u00e1culos de la Universidad de Palermo; Escenotecnia y escenograf\u00eda 1\u00ba-2\u00ba en la carrera de Regie, en el Instituto Superior de Arte del Teatro Col\u00f3n.<\/p>\n<p>Se desempe\u00f1\u00f3 como Director T\u00e9cnico del Teatro Nacional Cervantes desde 1983 a 1986. Como director escenot\u00e9cnico del Teatro Col\u00f3n, desde 1986 a 1989; en el Teatro Municipal General San Mart\u00edn, desde 1994 a 2001.<\/p>\n<p>Otro de sus grandes aportes a los estudios teatrales es la publicaci\u00f3n de su libro <strong>\u201cEscenograf\u00eda\u201d<\/strong> (Buenos Aires: Ediciones de la Flor, 2003).<\/p>\n","protected":false},"excerpt":{"rendered":"<p>Sin duda, la presencia de Calmet en el I Congreso Nacional de Escenograf\u00eda pone de relieve el importante aporte al estudio y la investigaci\u00f3n de las Artes Esc\u00e9nicas en&#8230; <\/p>\n<div align=\"right\"><a href=\"https:\/\/www.arte.unicen.edu.ar\/indees\/hector-calmet-ha-confirmado-su-participacion-en-el-primer-congreso-nacional-de-escenografia-14-al-16-de-noviembre-tandil\/\" class=\"read-more\"><span class=\"fa fa-hand-o-right\"><\/span> Leer m\u00e1s&#8230;<\/a><\/div>\n","protected":false},"author":2,"featured_media":146,"comment_status":"closed","ping_status":"closed","sticky":false,"template":"","format":"standard","meta":{"footnotes":""},"categories":[3],"tags":[27,57],"_links":{"self":[{"href":"https:\/\/www.arte.unicen.edu.ar\/indees\/wp-json\/wp\/v2\/posts\/75"}],"collection":[{"href":"https:\/\/www.arte.unicen.edu.ar\/indees\/wp-json\/wp\/v2\/posts"}],"about":[{"href":"https:\/\/www.arte.unicen.edu.ar\/indees\/wp-json\/wp\/v2\/types\/post"}],"author":[{"embeddable":true,"href":"https:\/\/www.arte.unicen.edu.ar\/indees\/wp-json\/wp\/v2\/users\/2"}],"replies":[{"embeddable":true,"href":"https:\/\/www.arte.unicen.edu.ar\/indees\/wp-json\/wp\/v2\/comments?post=75"}],"version-history":[{"count":0,"href":"https:\/\/www.arte.unicen.edu.ar\/indees\/wp-json\/wp\/v2\/posts\/75\/revisions"}],"wp:featuredmedia":[{"embeddable":true,"href":"https:\/\/www.arte.unicen.edu.ar\/indees\/wp-json\/wp\/v2\/media\/146"}],"wp:attachment":[{"href":"https:\/\/www.arte.unicen.edu.ar\/indees\/wp-json\/wp\/v2\/media?parent=75"}],"wp:term":[{"taxonomy":"category","embeddable":true,"href":"https:\/\/www.arte.unicen.edu.ar\/indees\/wp-json\/wp\/v2\/categories?post=75"},{"taxonomy":"post_tag","embeddable":true,"href":"https:\/\/www.arte.unicen.edu.ar\/indees\/wp-json\/wp\/v2\/tags?post=75"}],"curies":[{"name":"wp","href":"https:\/\/api.w.org\/{rel}","templated":true}]}}