{"id":744,"date":"2016-04-27T15:29:07","date_gmt":"2016-04-27T18:29:07","guid":{"rendered":"https:\/\/www.arte.unicen.edu.ar\/indees\/?p=744"},"modified":"2016-04-27T15:29:07","modified_gmt":"2016-04-27T18:29:07","slug":"carlos-fos-dr-en-antropologia-cultural-e-historiador-teatral-estara-presente-en-el-primer-congreso-internacional-de-escenografia","status":"publish","type":"post","link":"https:\/\/www.arte.unicen.edu.ar\/indees\/carlos-fos-dr-en-antropologia-cultural-e-historiador-teatral-estara-presente-en-el-primer-congreso-internacional-de-escenografia\/","title":{"rendered":"CARLOS FOS, Dr. en Antropolog\u00eda Cultural e Historiador teatral, estar\u00e1 presente en el Primer Congreso Internacional de Escenograf\u00eda."},"content":{"rendered":"<p style=\"text-align: justify;\">El Doctor en Antropolog\u00eda Cultural e Historiador teatral de vasta trayectoria, Carlos Fos estar\u00e1 presente en el Primer Congreso Internacional de Escenograf\u00eda a celebrarse\u00a0del 18 al 21 de mayo en Tandil, Pcia. de Buenos Aires, Argentina.<\/p>\n<p style=\"text-align: justify;\">Carlos Fos ser\u00e1 protagonista de la entrevista p\u00fablica \u201c<strong><em>La magia de los talleres t\u00e9cnicos, un mundo de an\u00e9cdotas y creaci\u00f3n<\/em><\/strong>\u201d, en la que tendremos la oportunidad de acercarnos al trabajo de sastres, costureras, maquilladores, peluqueros, escultores, iluminadores, realizadores escenogr\u00e1ficos, que constituyen una pieza fundamental de la maquinaria necesaria detr\u00e1s de toda producci\u00f3n teatral. La entrevista estar\u00e1 coordinada por el Dr Marcelo Jaureguiberry, y representa tambi\u00e9n, una ocasi\u00f3n para conocer la trayectoria de Carlos Fos y c\u00f3mo fue descubriendo ese inter\u00e9s y amor profundo por la historia y realizaci\u00f3n de nuestro teatro.<\/p>\n<p style=\"text-align: justify;\">Investigador teatral, historiador especializado en la producci\u00f3n teatral del movimiento libertario argentino en el siglo XX, Doctor en Antropolog\u00eda, especializado en ritual y teatro, Carlos Fos, es fundador y corresponsable del Centro de Documentaci\u00f3n de teatro y danza del CTBA. Se desarrolla como docente en la UNAM y en la Universidad de San Jos\u00e9, entre otras casas de estudios. Con m\u00e1s de 30 libros propios, entre los \u00faltimos, <em>Del teatro anarquista al teatro comunitario<\/em> (Ed. Artes Esc\u00e9nicas, 2010), <em>En las tablas libertarias. Experiencias de teatro anarquista en argentina a lo largo del siglo xx<\/em> (Junto a Verzero, Atuel, 2010), <em>Teatro obrero, una mirada militante<\/em> (Atuel, 2013) y <em>El Viejo Municipal<\/em> (Junto a Rauch, Ed. Nueva Generaci\u00f3n, 2014). Presidente de AINCRIT, la Asociaci\u00f3n de Investigaci\u00f3n y Cr\u00edtica Teatral en Argentina.<\/p>\n<p style=\"text-align: justify;\">La realizaci\u00f3n del Primer Congreso Internacional de Escenograf\u00eda pretende ser el iniciador de un proceso de intercambio y di\u00e1logo entre los diferentes profesionales que se acercan al \u00e1rea de la escenograf\u00eda en diferentes pa\u00edses, as\u00ed como revalorizar la escenograf\u00eda y su \u00e1mbito de incumbencia en el contexto de la puesta en escena. La entrevista que tendr\u00e1 a Carlos Fos como protagonista es una oportunidad \u00fanica para participar de ese proceso de intercambio.<\/p>\n<p style=\"text-align: justify;\"><img loading=\"lazy\" decoding=\"async\" class=\"size-medium wp-image-737 aligncenter\" src=\"https:\/\/www.arte.unicen.edu.ar\/indees\/wp-content\/uploads\/2016\/04\/Fos-1-267x300.jpg\" alt=\"Fos\" width=\"267\" height=\"300\" srcset=\"https:\/\/www.arte.unicen.edu.ar\/indees\/wp-content\/uploads\/2016\/04\/Fos-1-267x300.jpg 267w, https:\/\/www.arte.unicen.edu.ar\/indees\/wp-content\/uploads\/2016\/04\/Fos-1.jpg 503w\" sizes=\"(max-width: 267px) 100vw, 267px\" \/><\/p>\n","protected":false},"excerpt":{"rendered":"<p>El Doctor en Antropolog\u00eda Cultural e Historiador teatral de vasta trayectoria, Carlos Fos estar\u00e1 presente en el Primer Congreso Internacional de Escenograf\u00eda a celebrarse\u00a0del 18 al 21 de mayo&#8230; <\/p>\n<div align=\"right\"><a href=\"https:\/\/www.arte.unicen.edu.ar\/indees\/carlos-fos-dr-en-antropologia-cultural-e-historiador-teatral-estara-presente-en-el-primer-congreso-internacional-de-escenografia\/\" class=\"read-more\"><span class=\"fa fa-hand-o-right\"><\/span> Leer m\u00e1s&#8230;<\/a><\/div>\n","protected":false},"author":1,"featured_media":737,"comment_status":"closed","ping_status":"closed","sticky":false,"template":"","format":"standard","meta":{"footnotes":""},"categories":[3],"tags":[23,43,94,109],"_links":{"self":[{"href":"https:\/\/www.arte.unicen.edu.ar\/indees\/wp-json\/wp\/v2\/posts\/744"}],"collection":[{"href":"https:\/\/www.arte.unicen.edu.ar\/indees\/wp-json\/wp\/v2\/posts"}],"about":[{"href":"https:\/\/www.arte.unicen.edu.ar\/indees\/wp-json\/wp\/v2\/types\/post"}],"author":[{"embeddable":true,"href":"https:\/\/www.arte.unicen.edu.ar\/indees\/wp-json\/wp\/v2\/users\/1"}],"replies":[{"embeddable":true,"href":"https:\/\/www.arte.unicen.edu.ar\/indees\/wp-json\/wp\/v2\/comments?post=744"}],"version-history":[{"count":0,"href":"https:\/\/www.arte.unicen.edu.ar\/indees\/wp-json\/wp\/v2\/posts\/744\/revisions"}],"wp:featuredmedia":[{"embeddable":true,"href":"https:\/\/www.arte.unicen.edu.ar\/indees\/wp-json\/wp\/v2\/media\/737"}],"wp:attachment":[{"href":"https:\/\/www.arte.unicen.edu.ar\/indees\/wp-json\/wp\/v2\/media?parent=744"}],"wp:term":[{"taxonomy":"category","embeddable":true,"href":"https:\/\/www.arte.unicen.edu.ar\/indees\/wp-json\/wp\/v2\/categories?post=744"},{"taxonomy":"post_tag","embeddable":true,"href":"https:\/\/www.arte.unicen.edu.ar\/indees\/wp-json\/wp\/v2\/tags?post=744"}],"curies":[{"name":"wp","href":"https:\/\/api.w.org\/{rel}","templated":true}]}}