{"id":702,"date":"2016-04-13T18:11:28","date_gmt":"2016-04-13T21:11:28","guid":{"rendered":"https:\/\/www.arte.unicen.edu.ar\/indees\/?p=702"},"modified":"2016-04-13T18:11:28","modified_gmt":"2016-04-13T21:11:28","slug":"alicia-leloutre-arquitecta-escenografa-y-artista-plastica-estara-participando-en-el-primer-congreso-internacional-de-escenografia-2016","status":"publish","type":"post","link":"https:\/\/www.arte.unicen.edu.ar\/indees\/alicia-leloutre-arquitecta-escenografa-y-artista-plastica-estara-participando-en-el-primer-congreso-internacional-de-escenografia-2016\/","title":{"rendered":"La escen\u00f3grafa ALICIA LELOUTRE estar\u00e1 participando en el PRIMER CONGRESO INTERNACIONAL de ESCENOGRAF\u00cdA 2016."},"content":{"rendered":"<p style=\"text-align: justify;\">Alicia Leloutre, arquitecta, escen\u00f3grafa y artista pl\u00e1stica, actualmente a cargo del Espacio Callej\u00f3n, teatro que ella misma dise\u00f1\u00f3, estar\u00e1 presente en el Primer Congreso Internacional de Escenograf\u00eda protagonizando una entrevista abierta coordinada por el Dr. Marcelo Jaureguiberry.<\/p>\n<p style=\"text-align: justify;\">En la entrevista, la escen\u00f3grafa detallar\u00e1 su trayectoria y experiencia personal en el ejercicio de la escenograf\u00eda, \u201cVivimos en el espacio y todos estos espacios podr\u00edan ser una escenograf\u00eda\u201d expresa.<\/p>\n<div>\n<p style=\"text-align: justify;\">Alicia Leloutre se form\u00f3 en arquitectura, realizando tambi\u00e9n talleres de escultura y pl\u00e1stica. Estudi\u00f3 teatro con Chet\u00e9 Cavagliatto y escenograf\u00eda con Rafael Reyeros, Carlota Beit\u00eda e Ivo Oyola. Tambi\u00e9n se form\u00f3 con Robert Wilson y Peter Brook, entre otros. <br \/>Su vasta trayectoria como escen\u00f3grafa nos remonta a la d\u00e9cada del 80. Desde entonces ha trabajado con diversos directores como Alejandro Tantani\u00e1n, Ra\u00fal Mere\u00f1uk, Alejandro Maci, Gabriela Izcovich y Javier Daulte, Romina Paula, Mariana Chaud, Silvina Grinberg. Entre sus trabajos escenogr\u00e1ficos podemos mencionar Intimidad (Dir: Daulte-2001) B\u00e9same mucho (Dir: Daulte-2002) Mis muy privados festivales mesi\u00e1nicos (Dir.: V\u00e1squez-2009) Mujer armada hombre dormido (Dir.: C\u00e1rdenas-2011) Espejos Circulares (Dir.: Daulte \u2013 2011) Mas liviano que el aire (Dir.: Izcovich \u2013 2011) Macbeth (Dir.: Daulte \u2013 2012) Fauna (Dir.: Paula-2013) Personitas (Dir.: Daulte-2014) En la Huerta (Dir.: Chaud-2014) El Farmer (Dir.: Audivert \u2013 2015) Ni con perros ni con chicos (Dir.: Daulte \u2013 2015 y en cartel), entre muchos otros.<\/p>\n<p style=\"text-align: justify;\">La presencia de Alicia Leloutre en el Primer Congreso Internacional de Escenograf\u00eda es una oportunidad imperdible para formar parte del intercambio y para conocer la visi\u00f3n y concepci\u00f3n que esta prestigiosa escen\u00f3grafa tiene respecto de aquello que nos re\u00fane, la escenograf\u00eda.<\/p>\n<\/div>\n","protected":false},"excerpt":{"rendered":"<p>Alicia Leloutre, arquitecta, escen\u00f3grafa y artista pl\u00e1stica, actualmente a cargo del Espacio Callej\u00f3n, teatro que ella misma dise\u00f1\u00f3, estar\u00e1 presente en el Primer Congreso Internacional de Escenograf\u00eda protagonizando una&#8230; <\/p>\n<div align=\"right\"><a href=\"https:\/\/www.arte.unicen.edu.ar\/indees\/alicia-leloutre-arquitecta-escenografa-y-artista-plastica-estara-participando-en-el-primer-congreso-internacional-de-escenografia-2016\/\" class=\"read-more\"><span class=\"fa fa-hand-o-right\"><\/span> Leer m\u00e1s&#8230;<\/a><\/div>\n","protected":false},"author":1,"featured_media":704,"comment_status":"closed","ping_status":"closed","sticky":false,"template":"","format":"standard","meta":{"footnotes":""},"categories":[3],"tags":[9,43,94],"_links":{"self":[{"href":"https:\/\/www.arte.unicen.edu.ar\/indees\/wp-json\/wp\/v2\/posts\/702"}],"collection":[{"href":"https:\/\/www.arte.unicen.edu.ar\/indees\/wp-json\/wp\/v2\/posts"}],"about":[{"href":"https:\/\/www.arte.unicen.edu.ar\/indees\/wp-json\/wp\/v2\/types\/post"}],"author":[{"embeddable":true,"href":"https:\/\/www.arte.unicen.edu.ar\/indees\/wp-json\/wp\/v2\/users\/1"}],"replies":[{"embeddable":true,"href":"https:\/\/www.arte.unicen.edu.ar\/indees\/wp-json\/wp\/v2\/comments?post=702"}],"version-history":[{"count":0,"href":"https:\/\/www.arte.unicen.edu.ar\/indees\/wp-json\/wp\/v2\/posts\/702\/revisions"}],"wp:featuredmedia":[{"embeddable":true,"href":"https:\/\/www.arte.unicen.edu.ar\/indees\/wp-json\/wp\/v2\/media\/704"}],"wp:attachment":[{"href":"https:\/\/www.arte.unicen.edu.ar\/indees\/wp-json\/wp\/v2\/media?parent=702"}],"wp:term":[{"taxonomy":"category","embeddable":true,"href":"https:\/\/www.arte.unicen.edu.ar\/indees\/wp-json\/wp\/v2\/categories?post=702"},{"taxonomy":"post_tag","embeddable":true,"href":"https:\/\/www.arte.unicen.edu.ar\/indees\/wp-json\/wp\/v2\/tags?post=702"}],"curies":[{"name":"wp","href":"https:\/\/api.w.org\/{rel}","templated":true}]}}