{"id":690,"date":"2016-04-06T15:48:14","date_gmt":"2016-04-06T18:48:14","guid":{"rendered":"https:\/\/www.arte.unicen.edu.ar\/indees\/?p=690"},"modified":"2016-04-06T15:48:14","modified_gmt":"2016-04-06T18:48:14","slug":"julio-suarez-reconocido-vestuarista-y-escenografo-estara-presente-en-el-primer-congreso-internacional-de-escenografia-2016","status":"publish","type":"post","link":"https:\/\/www.arte.unicen.edu.ar\/indees\/julio-suarez-reconocido-vestuarista-y-escenografo-estara-presente-en-el-primer-congreso-internacional-de-escenografia-2016\/","title":{"rendered":"JULIO SU\u00c1REZ, reconocido vestuarista y escen\u00f3grafo presente en el PRIMER CONGRESO INTERNACIONAL de ESCENOGRAF\u00cdA 2016"},"content":{"rendered":"<p style=\"text-align: justify;\">Julio Su\u00e1rez, reconocido vestuarista y escen\u00f3grafo, quien\u00a0desarrolla\u00a0una intensa tarea tanto en cine como en teatro, estar\u00e1 presente en el PRIMER CONGRESO INTERNACIONAL de ESCENOGRAF\u00cdA 2016 a celebrarse del 18 al 21 de mayo en Tandil.<\/p>\n<p style=\"text-align: justify;\">Julio Su\u00e1rez participar\u00e1 del Primer Congreso Internacional de Escenograf\u00eda ofreciendo una conferencia en la que abordar\u00e1 su trayectoria, la realizaci\u00f3n de sus trabajos m\u00e1s importantes, y la relaci\u00f3n profesional con los principales directores del cine nacional. Ser\u00e1 una oportunidad para el intercambio de experiencias y para conocer sus concepciones acerca del dise\u00f1o y realizaci\u00f3n de vestuario.<\/p>\n<div>\n<p style=\"text-align: justify;\">Julio Su\u00e1rez se ha desempe\u00f1ado como vestuarista en las pel\u00edculas El clan (Dir: Trapero\u20132015); El Cerrajero (Dir: Smirnoff \u2013 2014) Coraz\u00f3n De Le\u00f3n (Dir: Carnevale-2013); TESIS Sobre un Homicidio (Dir: Goldfrid\u20132012); Belgrano (Dir: Pivotto\u20132010); Revoluci\u00f3n, El Cruce De Los Andes (Dir:Ipi\u00f1a\u20132009); El Ni\u00f1o Pez (Dir:Puenzo\u20132008), Cr\u00f3nica De Una Fuga (Dir:Caetano\u20132005); Tiempo De Valientes (Dir: Szifr\u00f3n\u20132005); La Ni\u00f1a Santa (Dir: Martel\u20132003) Iluminados por el fuego (Dir: Bauer \u2013 2002) Buena Vida Delivery (Dir.: Di Cesare \u2013 2002) entre muchas otras, y en las obras teatrales El Farmer (Dir: Rivera\u20132015); Mu\u00f1eca (Dir.: Audivert \u2013 2014) La Zorra Y Las Uvas (Dir: Tina Serrano\u20132013); El Le\u00f3n en Invierno (Dir: Audivert\u20132013) RICARDO III (Dir.: Alezzo \u2013 1997) la escenograf\u00eda y vestuario de Bajo un Manto de Estrellas (Dir: Iedvabni\u20132013), por mencionar algunas de ellas. Tambi\u00e9n tiene una amplia trayectoria como int\u00e9rprete y director teatral.<\/p>\n<p style=\"text-align: justify;\">Entre los objetivos del Primer Congreso Internacional de Escenograf\u00eda se encuentra la generaci\u00f3n de espacios de di\u00e1logo entre profesionales e investigadores del \u00e1mbito de la escenograf\u00eda, la comunidad acad\u00e9mica y el p\u00fablico en general. La presencia de Julio Su\u00e1rez en el Congreso representa\u00a0una oportunidad para participar de ese intercambio.\u00a0<\/p>\n<\/div>\n","protected":false},"excerpt":{"rendered":"<p>Julio Su\u00e1rez, reconocido vestuarista y escen\u00f3grafo, quien\u00a0desarrolla\u00a0una intensa tarea tanto en cine como en teatro, estar\u00e1 presente en el PRIMER CONGRESO INTERNACIONAL de ESCENOGRAF\u00cdA 2016 a celebrarse del 18&#8230; <\/p>\n<div align=\"right\"><a href=\"https:\/\/www.arte.unicen.edu.ar\/indees\/julio-suarez-reconocido-vestuarista-y-escenografo-estara-presente-en-el-primer-congreso-internacional-de-escenografia-2016\/\" class=\"read-more\"><span class=\"fa fa-hand-o-right\"><\/span> Leer m\u00e1s&#8230;<\/a><\/div>\n","protected":false},"author":1,"featured_media":691,"comment_status":"closed","ping_status":"closed","sticky":false,"template":"","format":"standard","meta":{"footnotes":""},"categories":[3],"tags":[58,70,94,114],"_links":{"self":[{"href":"https:\/\/www.arte.unicen.edu.ar\/indees\/wp-json\/wp\/v2\/posts\/690"}],"collection":[{"href":"https:\/\/www.arte.unicen.edu.ar\/indees\/wp-json\/wp\/v2\/posts"}],"about":[{"href":"https:\/\/www.arte.unicen.edu.ar\/indees\/wp-json\/wp\/v2\/types\/post"}],"author":[{"embeddable":true,"href":"https:\/\/www.arte.unicen.edu.ar\/indees\/wp-json\/wp\/v2\/users\/1"}],"replies":[{"embeddable":true,"href":"https:\/\/www.arte.unicen.edu.ar\/indees\/wp-json\/wp\/v2\/comments?post=690"}],"version-history":[{"count":0,"href":"https:\/\/www.arte.unicen.edu.ar\/indees\/wp-json\/wp\/v2\/posts\/690\/revisions"}],"wp:featuredmedia":[{"embeddable":true,"href":"https:\/\/www.arte.unicen.edu.ar\/indees\/wp-json\/"}],"wp:attachment":[{"href":"https:\/\/www.arte.unicen.edu.ar\/indees\/wp-json\/wp\/v2\/media?parent=690"}],"wp:term":[{"taxonomy":"category","embeddable":true,"href":"https:\/\/www.arte.unicen.edu.ar\/indees\/wp-json\/wp\/v2\/categories?post=690"},{"taxonomy":"post_tag","embeddable":true,"href":"https:\/\/www.arte.unicen.edu.ar\/indees\/wp-json\/wp\/v2\/tags?post=690"}],"curies":[{"name":"wp","href":"https:\/\/api.w.org\/{rel}","templated":true}]}}