{"id":684,"date":"2016-03-30T12:37:54","date_gmt":"2016-03-30T15:37:54","guid":{"rendered":"https:\/\/www.arte.unicen.edu.ar\/indees\/?p=684"},"modified":"2016-03-30T12:37:54","modified_gmt":"2016-03-30T15:37:54","slug":"jorge-ferrari-director-de-arte-disenador-de-escenografia-y-vestuario-presente-en-el-primer-congreso-internacional-de-escenografia-2016","status":"publish","type":"post","link":"https:\/\/www.arte.unicen.edu.ar\/indees\/jorge-ferrari-director-de-arte-disenador-de-escenografia-y-vestuario-presente-en-el-primer-congreso-internacional-de-escenografia-2016\/","title":{"rendered":"JORGE FERRARI, director de arte, dise\u00f1ador de escenograf\u00eda y vestuario, presente en el PRIMER CONGRESO INTERNACIONAL de ESCENOGRAF\u00cdA 2016"},"content":{"rendered":"<div id=\"js_6u\" class=\"_5pbx userContent\" data-ft=\"{&quot;tn&quot;:&quot;K&quot;}\">\n<div id=\"id_56fbf05d928f68836910947\" class=\"text_exposed_root text_exposed\">\n<p style=\"text-align: justify;\">Jorge Ferrari, director de arte, dise\u00f1ador de escenograf\u00eda y vestuario, ha confirmado su participaci\u00f3n en el PRIMER CONGRESO INTERNACIONAL de ESCENOGRAF\u00cdA 2016, a celebrarse en Tandil del 18 al 21 de mayo.<\/p>\n<p style=\"text-align: justify;\">Jorge Ferrari ser\u00e1 protagonista de un reportaje p\u00fablico coordinado por el Dr. Marcelo Jaureguiberry en el que tendremos la oportunidad de conocer su trayectoria, sus experiencias y principales trabajos para el cine nacional, el teatro, la televisi\u00f3n y la danza, as\u00ed como dar lugar al int<span class=\"text_exposed_show\">ercambio.<\/span><\/p>\n<div class=\"text_exposed_show\">\n<p style=\"text-align: justify;\">Egresado del Centro Experimental del Instituto Nacional de Cinematograf\u00eda, Jorge Ferrari ha sido director de arte de premiadas pel\u00edculas nacionales como Tango feroz (Dir: Pi\u00f1eyro \u2013 1992); Plata quemada (Dir: Pi\u00f1eyro \u2013 1999); Sol de oto\u00f1o (Dir: Mignogna -1996); Caballos salvajes (Dir:Pi\u00f1eyro -1994); Kamchatka (Dir: Pi\u00f1eyro \u2013 2002); Tiempo de valientes (Dir: Szifron -2005); Cr\u00f3nica de una fuga (Di.: Caetano \u2013 2005); De quien es el portaligas? (Dir: Fito Paez &#8211; 2007); entre muchas otras, production designer de Las viudas de los jueves (Dir: Pi\u00f1eyro \u2013 2009), y escen\u00f3grafo de variadas obras teatrales como Red de John Logan (Dir: Barone \u2013 2014); La laguna dorada de Ernest Thompson (Dir: Gonz\u00e1lez Gil \u2013 2013); La casa de Bernarda Alba de Federico Garc\u00eda Lorca (Dir: Muscari \u2013 2013); El hombre elefante de Bernard Pomerance (Dir: Su\u00e1rez Marzal \u2013 2013); Extra\u00f1os en un tren de Craig Warner (Dir: Gonzalez Gil \u2013 2011); Despertar de primavera de Steven Sater y Duncan Sheik (Dir: Mastro \u2013 2010). <\/p>\n<p style=\"text-align: justify;\">Le fueron otorgados en repetidas oportunidades, los premios ACE, Trinidad Guevara, Mar\u00eda Guerrero, Florencio S\u00e1nchez, Hugo, Coral (del Festival de cine de la Habana), Teatro del Mundo, Pepino, Teatro XXI y Centinela, y el premio Konex menci\u00f3n escenograf\u00eda en 2011.<\/p>\n<p style=\"text-align: justify;\">El Primer Congreso Internacional de Escenograf\u00eda tiene por objetivo principal fomentar el encuentro entre profesionales, investigadores, docentes y estudiantes de la escenograf\u00eda, procedentes de diferentes pa\u00edses, as\u00ed como construir un espacio de intercambio y reflexi\u00f3n sobre la pr\u00e1ctica profesional de la escenograf\u00eda. El reportaje p\u00fablico a Jorge Ferrari es una oportunidad para ser parte de este espacio de encuentro.<\/p>\n<\/div>\n<\/div>\n<div class=\"_5wpt\">\u00a0<\/div>\n<\/div>\n<div class=\"_3x-2\">\u00a0<\/div>\n","protected":false},"excerpt":{"rendered":"<p>Jorge Ferrari, director de arte, dise\u00f1ador de escenograf\u00eda y vestuario, ha confirmado su participaci\u00f3n en el PRIMER CONGRESO INTERNACIONAL de ESCENOGRAF\u00cdA 2016, a celebrarse en Tandil del 18 al&#8230; <\/p>\n<div align=\"right\"><a href=\"https:\/\/www.arte.unicen.edu.ar\/indees\/jorge-ferrari-director-de-arte-disenador-de-escenografia-y-vestuario-presente-en-el-primer-congreso-internacional-de-escenografia-2016\/\" class=\"read-more\"><span class=\"fa fa-hand-o-right\"><\/span> Leer m\u00e1s&#8230;<\/a><\/div>\n","protected":false},"author":1,"featured_media":685,"comment_status":"closed","ping_status":"closed","sticky":false,"template":"","format":"standard","meta":{"footnotes":""},"categories":[3],"tags":[34,43,64,94],"_links":{"self":[{"href":"https:\/\/www.arte.unicen.edu.ar\/indees\/wp-json\/wp\/v2\/posts\/684"}],"collection":[{"href":"https:\/\/www.arte.unicen.edu.ar\/indees\/wp-json\/wp\/v2\/posts"}],"about":[{"href":"https:\/\/www.arte.unicen.edu.ar\/indees\/wp-json\/wp\/v2\/types\/post"}],"author":[{"embeddable":true,"href":"https:\/\/www.arte.unicen.edu.ar\/indees\/wp-json\/wp\/v2\/users\/1"}],"replies":[{"embeddable":true,"href":"https:\/\/www.arte.unicen.edu.ar\/indees\/wp-json\/wp\/v2\/comments?post=684"}],"version-history":[{"count":0,"href":"https:\/\/www.arte.unicen.edu.ar\/indees\/wp-json\/wp\/v2\/posts\/684\/revisions"}],"wp:featuredmedia":[{"embeddable":true,"href":"https:\/\/www.arte.unicen.edu.ar\/indees\/wp-json\/wp\/v2\/media\/685"}],"wp:attachment":[{"href":"https:\/\/www.arte.unicen.edu.ar\/indees\/wp-json\/wp\/v2\/media?parent=684"}],"wp:term":[{"taxonomy":"category","embeddable":true,"href":"https:\/\/www.arte.unicen.edu.ar\/indees\/wp-json\/wp\/v2\/categories?post=684"},{"taxonomy":"post_tag","embeddable":true,"href":"https:\/\/www.arte.unicen.edu.ar\/indees\/wp-json\/wp\/v2\/tags?post=684"}],"curies":[{"name":"wp","href":"https:\/\/api.w.org\/{rel}","templated":true}]}}