{"id":674,"date":"2016-03-23T16:47:29","date_gmt":"2016-03-23T19:47:29","guid":{"rendered":"https:\/\/www.arte.unicen.edu.ar\/indees\/?p=674"},"modified":"2016-03-23T16:47:29","modified_gmt":"2016-03-23T19:47:29","slug":"inauguracion-de-la-exposicion-rene-diviu-escenografias-en-el-primer-congreso-internacional-de-escenografia-3","status":"publish","type":"post","link":"https:\/\/www.arte.unicen.edu.ar\/indees\/inauguracion-de-la-exposicion-rene-diviu-escenografias-en-el-primer-congreso-internacional-de-escenografia-3\/","title":{"rendered":"Inauguraci\u00f3n de la Exposici\u00f3n REN\u00c9 DIVI\u00da, ESCENOGRAF\u00cdAS, en el PRIMER CONGRESO INTERNACIONAL de ESCENOGRAF\u00cdA"},"content":{"rendered":"<p>La exposici\u00f3n REN\u00c9 DIVI\u00da, ESCENOGRAF\u00cdAS, con producci\u00f3n del Instituto de Estudios Escenogr\u00e1ficos (INDEES) y curadur\u00eda del Dr. Marcelo Jaureguiberry, podr\u00e1 visitarse en el Museo Municipal de Bellas Artes de Tandil (MUMBAT) en el marco del PRIMER CONGRESO INTERNACIONAL de ESCENOGRAF\u00cdA (Tandil, del 18 al 21 de mayo).<\/p>\n<p>La exposici\u00f3n realiza un recorrido por la obra del escen\u00f3grafo Ren\u00e9 Divi\u00fa, presentando una serie de maquetas y bocetos en las que se podr\u00e1 apreciar la concepci\u00f3n del espacio para una diversidad de obras teatrales en las que el escen\u00f3grafo ha trabajado.<em> Casa Valentina<\/em> (2016); <em>Carmen<\/em> (2015); <em>El hombre de la mancha<\/em> (2014); <em>El jard\u00edn de los cerezos<\/em> (2013); <em>Agosto<\/em> (2012); <em>Conversaciones con Mama<\/em> (2011); <em>As\u00ed es la vida<\/em> (2011); <em>Los 39 Escalones<\/em> (2009) por mencionar algunas de las obras que estar\u00e1n presentes en la exposici\u00f3n.<\/p>\n<p>Ren\u00e9 Divi\u00fa es escen\u00f3grafo, artista pl\u00e1stico y dise\u00f1ador de vestuario. Tambi\u00e9n se desarrolla como docente de la Universidad Nacional de las Artes (UNA). Posee una extensa trayectoria y ha participado en en el dise\u00f1o de escenograf\u00eda y vestuario de m\u00e1s de medio centenar de producciones teatrales, donde se destacan:<em> \u201cEugenio Onieguin\u201d; \u201cLa vida es sue\u00f1o\u201d; \u201cEl jard\u00edn de los cerezos&#8221;; \u201cBodas de sangre\u201d; \u201cDon Juan\u201d; \u201cCaligula\u201d; \u201cEl libro de Ruth\u201d; \u201cEl Fantasma de Canterville\u201d; \u201cChumbale\u201d; \u201cEl retrato de Dorian Gray\u201d; \u201cHoudini\u201d; \u201cOtelo\u201d; \u201cCaravan The Jazz Musical\u201d; \u201cAgosto: condado de Osage\u201d; \u201cLas chicas del Calendario\u201d; \u201cLas Mil y una noches, el musical\u201d; \u201cLos 39 escalones\u201d; \u201cEl Conventillo de la Paloma\u201d; \u201cConversaciones con mam\u00e1\u201d; \u201cMIX\u201d; \u201cLocos Recuerdos\u201d; \u201cDa\u00f1os Colaterales\u201d; \u201cVenecia\u201d; \u201cEl Cabaret de los Hombres Perdidos\u201d; \u201cLa rubia Mireya\u201d; \u201cPriscilla\u201d, <\/em>entre otras.\u00a0<\/p>\n<p>El Primer Congreso Internacional de Escenograf\u00eda se constituye en una oportunidad \u00fanica para conocer y acercarse al premiado y vasto trabajo del escen\u00f3grafo Ren\u00e9 Divi\u00fa.<\/p>\n","protected":false},"excerpt":{"rendered":"<p>La exposici\u00f3n REN\u00c9 DIVI\u00da, ESCENOGRAF\u00cdAS, con producci\u00f3n del Instituto de Estudios Escenogr\u00e1ficos (INDEES) y curadur\u00eda del Dr. Marcelo Jaureguiberry, podr\u00e1 visitarse en el Museo Municipal de Bellas Artes de&#8230; <\/p>\n<div align=\"right\"><a href=\"https:\/\/www.arte.unicen.edu.ar\/indees\/inauguracion-de-la-exposicion-rene-diviu-escenografias-en-el-primer-congreso-internacional-de-escenografia-3\/\" class=\"read-more\"><span class=\"fa fa-hand-o-right\"><\/span> Leer m\u00e1s&#8230;<\/a><\/div>\n","protected":false},"author":1,"featured_media":679,"comment_status":"closed","ping_status":"closed","sticky":false,"template":"","format":"standard","meta":{"footnotes":""},"categories":[3],"tags":[47,58,94,102],"_links":{"self":[{"href":"https:\/\/www.arte.unicen.edu.ar\/indees\/wp-json\/wp\/v2\/posts\/674"}],"collection":[{"href":"https:\/\/www.arte.unicen.edu.ar\/indees\/wp-json\/wp\/v2\/posts"}],"about":[{"href":"https:\/\/www.arte.unicen.edu.ar\/indees\/wp-json\/wp\/v2\/types\/post"}],"author":[{"embeddable":true,"href":"https:\/\/www.arte.unicen.edu.ar\/indees\/wp-json\/wp\/v2\/users\/1"}],"replies":[{"embeddable":true,"href":"https:\/\/www.arte.unicen.edu.ar\/indees\/wp-json\/wp\/v2\/comments?post=674"}],"version-history":[{"count":0,"href":"https:\/\/www.arte.unicen.edu.ar\/indees\/wp-json\/wp\/v2\/posts\/674\/revisions"}],"wp:featuredmedia":[{"embeddable":true,"href":"https:\/\/www.arte.unicen.edu.ar\/indees\/wp-json\/wp\/v2\/media\/679"}],"wp:attachment":[{"href":"https:\/\/www.arte.unicen.edu.ar\/indees\/wp-json\/wp\/v2\/media?parent=674"}],"wp:term":[{"taxonomy":"category","embeddable":true,"href":"https:\/\/www.arte.unicen.edu.ar\/indees\/wp-json\/wp\/v2\/categories?post=674"},{"taxonomy":"post_tag","embeddable":true,"href":"https:\/\/www.arte.unicen.edu.ar\/indees\/wp-json\/wp\/v2\/tags?post=674"}],"curies":[{"name":"wp","href":"https:\/\/api.w.org\/{rel}","templated":true}]}}