{"id":618,"date":"2016-03-15T15:49:02","date_gmt":"2016-03-15T18:49:02","guid":{"rendered":"https:\/\/www.arte.unicen.edu.ar\/indees\/?p=618"},"modified":"2016-03-15T15:49:02","modified_gmt":"2016-03-15T18:49:02","slug":"marcelo-pont-verges-y-abel-facello-directores-de-arte-de-las-peliculas-nacionales-ganadoras-del-oscar-presentes-en-el-primer-congreso-internacional-de-escenografia","status":"publish","type":"post","link":"https:\/\/www.arte.unicen.edu.ar\/indees\/marcelo-pont-verges-y-abel-facello-directores-de-arte-de-las-peliculas-nacionales-ganadoras-del-oscar-presentes-en-el-primer-congreso-internacional-de-escenografia\/","title":{"rendered":"Marcelo Pont-Verg\u00e9s y Abel Facello, directores de arte de las pel\u00edculas nacionales ganadoras del Oscar, presentes en el Primer Congreso Internacional de Escenograf\u00eda"},"content":{"rendered":"<p><strong>Marcelo Pont-Verg\u00e9s<\/strong> y <strong>Abel Facello<\/strong>, los directores de arte de las pel\u00edculas nacionales ganadoras del premio Oscar,\u00a0<strong>&#8220;El secreto de sus ojos&#8221;<\/strong>\u00a0y <strong>&#8220;La historia oficial&#8221;<\/strong>, estar\u00e1n presentes en el <a href=\"https:\/\/www.arte.unicen.edu.ar\/indees\/institucional\/primer-congreso-internacional-de-escenografia\/\">Primer Congreso Internacional de Escenograf\u00eda<\/a>, a celebrarse en Tandil, el pr\u00f3ximo mes de mayo (del 18 al 21).<\/p>\n<p>Ambos profesionales de destacada, premiada y extensa trayectoria llegan a la escenograf\u00eda de forma diferente. <strong>ABEL FACELLO<\/strong>, director de arte de la pel\u00edcula ganadora del \u00d3scar <strong>&#8220;La Historia Oficial&#8221;<\/strong> (Dir: Puenzo\u20131985), estudia escenograf\u00eda en la Universidad de La Plata, luego de haber conocido a Saulo Benavente, especializ\u00e1ndose en cine. Mientras que <strong>MARCELO PONT-VERG\u00c9S<\/strong>, director de arte de la pel\u00edcula ganadora del oscar <strong>&#8220;El secreto de sus ojos&#8221;<\/strong> (Dir: Campanella\u20132009), comenz\u00f3 su recorrido profesional desde el dise\u00f1o y la ilustraci\u00f3n hasta encontrarse con la escenograf\u00eda, form\u00e1ndose con el maestro Rafael Reyeros.<\/p>\n<p>El <a href=\"https:\/\/www.arte.unicen.edu.ar\/indees\/institucional\/primer-congreso-internacional-de-escenografia\/\">Primer Congreso Internacional de Escenograf\u00eda<\/a> durante los d\u00edas de su realizaci\u00f3n se ha de convertir en el lugar de encuentro de profesionales, investigadores, docentes, estudiantes de diferentes pa\u00edses que ans\u00edan compartir experiencias, conocimientos y sobre todo, su pasi\u00f3n por la escenograf\u00eda. No podemos m\u00e1s que acentuar la participaci\u00f3n de <strong>Marcelo Pont-Verg\u00e9s<\/strong> y de <strong>Abel Facello<\/strong>, dos personalidades de extensa y prestigiosa trayectoria, en una mesa redonda que abordar\u00e1 detalles de sus carreras y trabajos.<\/p>\n","protected":false},"excerpt":{"rendered":"<p>Marcelo Pont-Verg\u00e9s y Abel Facello, los directores de arte de las pel\u00edculas nacionales ganadoras del premio Oscar,\u00a0&#8220;El secreto de sus ojos&#8221;\u00a0y &#8220;La historia oficial&#8221;, estar\u00e1n presentes en el Primer&#8230; <\/p>\n<div align=\"right\"><a href=\"https:\/\/www.arte.unicen.edu.ar\/indees\/marcelo-pont-verges-y-abel-facello-directores-de-arte-de-las-peliculas-nacionales-ganadoras-del-oscar-presentes-en-el-primer-congreso-internacional-de-escenografia\/\" class=\"read-more\"><span class=\"fa fa-hand-o-right\"><\/span> Leer m\u00e1s&#8230;<\/a><\/div>\n","protected":false},"author":1,"featured_media":619,"comment_status":"closed","ping_status":"closed","sticky":false,"template":"","format":"standard","meta":{"footnotes":""},"categories":[3],"tags":[4,35,78,92,94],"_links":{"self":[{"href":"https:\/\/www.arte.unicen.edu.ar\/indees\/wp-json\/wp\/v2\/posts\/618"}],"collection":[{"href":"https:\/\/www.arte.unicen.edu.ar\/indees\/wp-json\/wp\/v2\/posts"}],"about":[{"href":"https:\/\/www.arte.unicen.edu.ar\/indees\/wp-json\/wp\/v2\/types\/post"}],"author":[{"embeddable":true,"href":"https:\/\/www.arte.unicen.edu.ar\/indees\/wp-json\/wp\/v2\/users\/1"}],"replies":[{"embeddable":true,"href":"https:\/\/www.arte.unicen.edu.ar\/indees\/wp-json\/wp\/v2\/comments?post=618"}],"version-history":[{"count":0,"href":"https:\/\/www.arte.unicen.edu.ar\/indees\/wp-json\/wp\/v2\/posts\/618\/revisions"}],"wp:featuredmedia":[{"embeddable":true,"href":"https:\/\/www.arte.unicen.edu.ar\/indees\/wp-json\/wp\/v2\/media\/619"}],"wp:attachment":[{"href":"https:\/\/www.arte.unicen.edu.ar\/indees\/wp-json\/wp\/v2\/media?parent=618"}],"wp:term":[{"taxonomy":"category","embeddable":true,"href":"https:\/\/www.arte.unicen.edu.ar\/indees\/wp-json\/wp\/v2\/categories?post=618"},{"taxonomy":"post_tag","embeddable":true,"href":"https:\/\/www.arte.unicen.edu.ar\/indees\/wp-json\/wp\/v2\/tags?post=618"}],"curies":[{"name":"wp","href":"https:\/\/api.w.org\/{rel}","templated":true}]}}