{"id":602,"date":"2016-03-03T19:07:36","date_gmt":"2016-03-03T22:07:36","guid":{"rendered":"https:\/\/www.arte.unicen.edu.ar\/indees\/?p=602"},"modified":"2016-03-03T19:07:36","modified_gmt":"2016-03-03T22:07:36","slug":"aby-cohen-vice-presidenta-de-la-oistat-internacional-estara-presente-en-el-primer-congreso-internacional-de-escenografia","status":"publish","type":"post","link":"https:\/\/www.arte.unicen.edu.ar\/indees\/aby-cohen-vice-presidenta-de-la-oistat-internacional-estara-presente-en-el-primer-congreso-internacional-de-escenografia\/","title":{"rendered":"ABY COHEN,  vice-presidenta de la OISTAT Internacional, estar\u00e1 presente en el Primer Congreso Internacional de Escenograf\u00eda"},"content":{"rendered":"<p style=\"text-align: justify;\">ABY COHEN, escen\u00f3grafa y dise\u00f1adora brasile\u00f1a, actual vice-presidenta de la Organizaci\u00f3n Internacional de Escen\u00f3grafos, T\u00e9cnicos y Arquitectos de Teatro, OISTAT Internacional, estar\u00e1 presente en el PRIMER CONGRESO INTERNACIONAL DE ESCENOGRAF\u00cdA a desarrollarse del 18 al 21 de mayo en Tandil, Bs. As., Argentina.<\/p>\n<p style=\"text-align: justify;\">Aby Cohen, junto a su par espa\u00f1ol Jos\u00e9 Luis Ferrera, presidente de la Asociaci\u00f3n OISTAT Espa\u00f1a, participar\u00e1 de una conferencia en la cual se presentar\u00e1n los objetivos, los proyectos, y la historia del organismo internacional m\u00e1s importante que nuclea a organizaciones y profesionales interesados en la escenograf\u00eda, la OISTAT.\u00a0 Por otro lado, los invitados tambi\u00e9n presentar\u00e1n el proyecto &#8220;Los Teatros de Latinoam\u00e9rica&#8221;, sus objetivos y proyecciones.<\/p>\n<p style=\"text-align: justify;\">La participaci\u00f3n de Aby Cohen, vice-presidenta de la OISTAT Internacional, en el PRIMER CONGRESO INTERNACIONAL de ESCENOGRAF\u00cdA ofrece una ocasi\u00f3n para el intercambio, la reflexi\u00f3n y puesta en com\u00fan de las diferentes concepciones y desarrollos de la escenograf\u00eda en diferentes pa\u00edses.<\/p>\n<p style=\"text-align: justify;\">Aby Cohen comenz\u00f3 su carrera como escen\u00f3grafa en el grupo Macuna\u00edma Teatro, dirigida por Antunes Filho, en 1992. Desde entonces ha trabajado con varias compa\u00f1\u00edas de teatro, directores y para una variedad de producciones independientes. A lo largo de su carrera ha desarrollado una amplia experiencia en obras de teatro y exposiciones, siendo una referencia importante el proyecto <em>Terra Paulista <\/em>en 2005. En paralelo a la pr\u00e1ctica profesional, es profesora en el programa de Maestr\u00eda en Escenograf\u00eda en la Facultad de Bellas Artes &#8211; FBA en Sao Paulo. Fue invitada a trabajar como comisario internacional de PQ &#8217;15 &#8211; Cuadrienal de Praga 2015. Miembro de OISTAT desde 2003, fue elegida en 2013 durante el Congreso Mundial en Cardiff &#8211; Reino Unido, Vice-Presidenta de la OISTAT Internacional.<\/p>\n","protected":false},"excerpt":{"rendered":"<p>ABY COHEN, escen\u00f3grafa y dise\u00f1adora brasile\u00f1a, actual vice-presidenta de la Organizaci\u00f3n Internacional de Escen\u00f3grafos, T\u00e9cnicos y Arquitectos de Teatro, OISTAT Internacional, estar\u00e1 presente en el PRIMER CONGRESO INTERNACIONAL DE&#8230; <\/p>\n<div align=\"right\"><a href=\"https:\/\/www.arte.unicen.edu.ar\/indees\/aby-cohen-vice-presidenta-de-la-oistat-internacional-estara-presente-en-el-primer-congreso-internacional-de-escenografia\/\" class=\"read-more\"><span class=\"fa fa-hand-o-right\"><\/span> Leer m\u00e1s&#8230;<\/a><\/div>\n","protected":false},"author":1,"featured_media":605,"comment_status":"closed","ping_status":"closed","sticky":false,"template":"","format":"standard","meta":{"footnotes":""},"categories":[3],"tags":[5,43,90,94],"_links":{"self":[{"href":"https:\/\/www.arte.unicen.edu.ar\/indees\/wp-json\/wp\/v2\/posts\/602"}],"collection":[{"href":"https:\/\/www.arte.unicen.edu.ar\/indees\/wp-json\/wp\/v2\/posts"}],"about":[{"href":"https:\/\/www.arte.unicen.edu.ar\/indees\/wp-json\/wp\/v2\/types\/post"}],"author":[{"embeddable":true,"href":"https:\/\/www.arte.unicen.edu.ar\/indees\/wp-json\/wp\/v2\/users\/1"}],"replies":[{"embeddable":true,"href":"https:\/\/www.arte.unicen.edu.ar\/indees\/wp-json\/wp\/v2\/comments?post=602"}],"version-history":[{"count":0,"href":"https:\/\/www.arte.unicen.edu.ar\/indees\/wp-json\/wp\/v2\/posts\/602\/revisions"}],"wp:featuredmedia":[{"embeddable":true,"href":"https:\/\/www.arte.unicen.edu.ar\/indees\/wp-json\/wp\/v2\/media\/605"}],"wp:attachment":[{"href":"https:\/\/www.arte.unicen.edu.ar\/indees\/wp-json\/wp\/v2\/media?parent=602"}],"wp:term":[{"taxonomy":"category","embeddable":true,"href":"https:\/\/www.arte.unicen.edu.ar\/indees\/wp-json\/wp\/v2\/categories?post=602"},{"taxonomy":"post_tag","embeddable":true,"href":"https:\/\/www.arte.unicen.edu.ar\/indees\/wp-json\/wp\/v2\/tags?post=602"}],"curies":[{"name":"wp","href":"https:\/\/api.w.org\/{rel}","templated":true}]}}