{"id":589,"date":"2016-02-29T14:25:21","date_gmt":"2016-02-29T17:25:21","guid":{"rendered":"https:\/\/www.arte.unicen.edu.ar\/indees\/?p=589"},"modified":"2016-02-29T14:25:21","modified_gmt":"2016-02-29T17:25:21","slug":"bibiana-puigdefabregas-directora-de-la-especialidad-de-escenografia-de-la-escola-superior-dart-dramatic-del-institut-del-teatre-de-espana-estara-presente-en-el-primer-congreso-internaciona","status":"publish","type":"post","link":"https:\/\/www.arte.unicen.edu.ar\/indees\/bibiana-puigdefabregas-directora-de-la-especialidad-de-escenografia-de-la-escola-superior-dart-dramatic-del-institut-del-teatre-de-espana-estara-presente-en-el-primer-congreso-internaciona\/","title":{"rendered":"Bibiana Puigdef\u00e0bregas, directora de la especialidad de Escenograf\u00eda de la Escola Superior d\u2019Art Dram\u00e0tic, del Institut del Teatre de Espa\u00f1a, en el PRIMER CONGRESO INTERNACIONAL DE ESCENOGRAF\u00cdA"},"content":{"rendered":"<p><strong>Bibiana Puigdef\u00e0bregas<\/strong>, reconocida escen\u00f3grafa, docente y actual directora de la especialidad de Escenograf\u00eda de la <em>Escola Superior d\u2019Art Dram\u00e0tic<\/em>, del Institut del Teatre, Barcelona, Espa\u00f1a, estar\u00e1 presente en el <a href=\"https:\/\/www.arte.unicen.edu.ar\/indees\/institucional\/primer-congreso-internacional-de-escenografia\/\">Primer Congreso Internacional de Escenograf\u00eda<\/a> a desarrollarse del <strong>18 al 21 de mayo<\/strong> en Tandil.<\/p>\n<p>La <strong>Lic. Bibiana Puigdef\u00e0bregas<\/strong>, quien se desempe\u00f1\u00f3 como comisaria del pabell\u00f3n regional de Catalu\u00f1a en la Cuadrienal de Praga 2015, participar\u00e1 en el <a href=\"https:\/\/www.arte.unicen.edu.ar\/indees\/institucional\/primer-congreso-internacional-de-escenografia\/\">Primer Congreso Internacional de Escenograf\u00eda<\/a> dictando una clase magistral referida al desarrollo y actualidad de la escenograf\u00eda en Catalu\u00f1a.<\/p>\n<p>El <a href=\"https:\/\/www.arte.unicen.edu.ar\/indees\/institucional\/primer-congreso-internacional-de-escenografia\/\">Primer Congreso Internacional de Escenograf\u00eda<\/a> nace de la doble necesidad de generar espacios de di\u00e1logo entre aquellos que se acercan a la escenograf\u00eda en diferentes pa\u00edses, y de socializar herramientas para la formaci\u00f3n mediante propuestas te\u00f3ricas y experiencias de profesionales e investigadores vinculados al \u00e1rea. La presencia de <strong>Bibiana Puigdef\u00e0bregas<\/strong> en el Congreso constituye una notable oportunidad para el intercambio de concepciones y experiencias, as\u00ed como tambi\u00e9n para dialogar sobre las diferentes dimensiones del objeto que nos re\u00fane, la escenograf\u00eda.<\/p>\n<p><strong>Bibiana Puigdef\u00e0bregas<\/strong> ha trabajado como escen\u00f3grafa en varios espect\u00e1culos dirigidos por \u00c1lex Rigola, Ram\u00f3n Sim\u00f3, Carol L\u00f3pez, Josep Maria Mestres, Magda Puyo, Rafel Dur\u00e0n, Mario Gas o Sven Eric Bechtolf, entre otros. Actualmente forma parte de la compa\u00f1\u00eda Catalana La pell dirigida por Anna Estrada, con la que en diciembre del 2015 presentaron Torianes\u201d de Jean Paul Sartre en Barcelona.<\/p>\n","protected":false},"excerpt":{"rendered":"<p>Bibiana Puigdef\u00e0bregas, reconocida escen\u00f3grafa, docente y actual directora de la especialidad de Escenograf\u00eda de la Escola Superior d\u2019Art Dram\u00e0tic, del Institut del Teatre, Barcelona, Espa\u00f1a, estar\u00e1 presente en el&#8230; <\/p>\n<div align=\"right\"><a href=\"https:\/\/www.arte.unicen.edu.ar\/indees\/bibiana-puigdefabregas-directora-de-la-especialidad-de-escenografia-de-la-escola-superior-dart-dramatic-del-institut-del-teatre-de-espana-estara-presente-en-el-primer-congreso-internaciona\/\" class=\"read-more\"><span class=\"fa fa-hand-o-right\"><\/span> Leer m\u00e1s&#8230;<\/a><\/div>\n","protected":false},"author":1,"featured_media":597,"comment_status":"closed","ping_status":"closed","sticky":false,"template":"","format":"standard","meta":{"footnotes":""},"categories":[3],"tags":[19,43,44,59,94],"_links":{"self":[{"href":"https:\/\/www.arte.unicen.edu.ar\/indees\/wp-json\/wp\/v2\/posts\/589"}],"collection":[{"href":"https:\/\/www.arte.unicen.edu.ar\/indees\/wp-json\/wp\/v2\/posts"}],"about":[{"href":"https:\/\/www.arte.unicen.edu.ar\/indees\/wp-json\/wp\/v2\/types\/post"}],"author":[{"embeddable":true,"href":"https:\/\/www.arte.unicen.edu.ar\/indees\/wp-json\/wp\/v2\/users\/1"}],"replies":[{"embeddable":true,"href":"https:\/\/www.arte.unicen.edu.ar\/indees\/wp-json\/wp\/v2\/comments?post=589"}],"version-history":[{"count":0,"href":"https:\/\/www.arte.unicen.edu.ar\/indees\/wp-json\/wp\/v2\/posts\/589\/revisions"}],"wp:featuredmedia":[{"embeddable":true,"href":"https:\/\/www.arte.unicen.edu.ar\/indees\/wp-json\/wp\/v2\/media\/597"}],"wp:attachment":[{"href":"https:\/\/www.arte.unicen.edu.ar\/indees\/wp-json\/wp\/v2\/media?parent=589"}],"wp:term":[{"taxonomy":"category","embeddable":true,"href":"https:\/\/www.arte.unicen.edu.ar\/indees\/wp-json\/wp\/v2\/categories?post=589"},{"taxonomy":"post_tag","embeddable":true,"href":"https:\/\/www.arte.unicen.edu.ar\/indees\/wp-json\/wp\/v2\/tags?post=589"}],"curies":[{"name":"wp","href":"https:\/\/api.w.org\/{rel}","templated":true}]}}