{"id":577,"date":"2016-02-25T09:10:42","date_gmt":"2016-02-25T12:10:42","guid":{"rendered":"https:\/\/www.arte.unicen.edu.ar\/indees\/?p=577"},"modified":"2016-02-25T09:10:42","modified_gmt":"2016-02-25T12:10:42","slug":"jose-luis-ferrera-presidente-de-la-asociacion-oistat-espana-en-el-primer-congreso-internacional-de-escenografia","status":"publish","type":"post","link":"https:\/\/www.arte.unicen.edu.ar\/indees\/jose-luis-ferrera-presidente-de-la-asociacion-oistat-espana-en-el-primer-congreso-internacional-de-escenografia\/","title":{"rendered":"Jos\u00e9 Luis Ferrera, Presidente de la Asociaci\u00f3n OISTAT Espa\u00f1a en el PRIMER CONGRESO INTERNACIONAL de ESCENOGRAF\u00cdA"},"content":{"rendered":"<p style=\"text-align: justify;\">Jos\u00e9 Luis Ferrera, Presidente de la Asociaci\u00f3n OISTAT Espa\u00f1a (Organizaci\u00f3n Internacional de Escen\u00f3grafos, T\u00e9cnicos y Arquitectos de Teatro) ha confirmado su presencia en el PRIMER CONGRESO INTERNACIONAL de ESCENOGRAF\u00cdA a celebrarse en Tandil del 18 al 21 de mayo.<\/p>\n<p style=\"text-align: justify;\">Ferrera ofrecer\u00e1 una conferencia, en conjunto con Aby Cohen, escen\u00f3grafa y dise\u00f1adora brasile\u00f1a, actual vice-presidenta de la OISTAT Internacional, en la que se abordar\u00e1 la experiencia de formar un Centro OISTAT y los desaf\u00edos que dirigir un \u00f3rgano de esta naturaleza conlleva. La OISTAT (Organizaci\u00f3n Internacional de Escen\u00f3grafos, T\u00e9cnicos y Arquitectos de Teatro) es una organizaci\u00f3n no gubernamental, reconocida por la UNESCO, que re\u00fane organizaciones, institutos y profesionales en m\u00e1s de 50 pa\u00edses y da fomento al desarrollo de la escenograf\u00eda y el vestuario en todo el mundo, a trav\u00e9s de eventos, publicaciones, congresos. Por otro lado, los invitados tambi\u00e9n presentar\u00e1n el proyecto &#8220;Los Teatros de Latinoam\u00e9rica&#8221;, sus objetivos y proyecciones.<\/p>\n<p style=\"text-align: justify;\">La participaci\u00f3n de Jos\u00e9 Luis Ferrera, Presidente de la Asociaci\u00f3n OISTAT Espa\u00f1a, junto a Aby Cohen, en el PRIMER CONGRESO INTERNACIONAL de ESCENOGRAF\u00cdA implica una experiencia muy valiosa y confirma una de las apuestas del INDEES, avanzar en la generaci\u00f3n de espacios de di\u00e1logo y difusi\u00f3n de trabajos que se est\u00e9n realizando en relaci\u00f3n al objeto que nos interesa: el dise\u00f1o esc\u00e9nico en las artes esc\u00e9nicas y audiovisuales.<\/p>\n","protected":false},"excerpt":{"rendered":"<p>Jos\u00e9 Luis Ferrera, Presidente de la Asociaci\u00f3n OISTAT Espa\u00f1a (Organizaci\u00f3n Internacional de Escen\u00f3grafos, T\u00e9cnicos y Arquitectos de Teatro) ha confirmado su presencia en el PRIMER CONGRESO INTERNACIONAL de ESCENOGRAF\u00cdA&#8230; <\/p>\n<div align=\"right\"><a href=\"https:\/\/www.arte.unicen.edu.ar\/indees\/jose-luis-ferrera-presidente-de-la-asociacion-oistat-espana-en-el-primer-congreso-internacional-de-escenografia\/\" class=\"read-more\"><span class=\"fa fa-hand-o-right\"><\/span> Leer m\u00e1s&#8230;<\/a><\/div>\n","protected":false},"author":1,"featured_media":580,"comment_status":"closed","ping_status":"closed","sticky":false,"template":"","format":"standard","meta":{"footnotes":""},"categories":[3],"tags":[5,58,65,91,94],"_links":{"self":[{"href":"https:\/\/www.arte.unicen.edu.ar\/indees\/wp-json\/wp\/v2\/posts\/577"}],"collection":[{"href":"https:\/\/www.arte.unicen.edu.ar\/indees\/wp-json\/wp\/v2\/posts"}],"about":[{"href":"https:\/\/www.arte.unicen.edu.ar\/indees\/wp-json\/wp\/v2\/types\/post"}],"author":[{"embeddable":true,"href":"https:\/\/www.arte.unicen.edu.ar\/indees\/wp-json\/wp\/v2\/users\/1"}],"replies":[{"embeddable":true,"href":"https:\/\/www.arte.unicen.edu.ar\/indees\/wp-json\/wp\/v2\/comments?post=577"}],"version-history":[{"count":0,"href":"https:\/\/www.arte.unicen.edu.ar\/indees\/wp-json\/wp\/v2\/posts\/577\/revisions"}],"wp:featuredmedia":[{"embeddable":true,"href":"https:\/\/www.arte.unicen.edu.ar\/indees\/wp-json\/wp\/v2\/media\/580"}],"wp:attachment":[{"href":"https:\/\/www.arte.unicen.edu.ar\/indees\/wp-json\/wp\/v2\/media?parent=577"}],"wp:term":[{"taxonomy":"category","embeddable":true,"href":"https:\/\/www.arte.unicen.edu.ar\/indees\/wp-json\/wp\/v2\/categories?post=577"},{"taxonomy":"post_tag","embeddable":true,"href":"https:\/\/www.arte.unicen.edu.ar\/indees\/wp-json\/wp\/v2\/tags?post=577"}],"curies":[{"name":"wp","href":"https:\/\/api.w.org\/{rel}","templated":true}]}}