{"id":217,"date":"2013-11-18T18:17:15","date_gmt":"2013-11-18T21:17:15","guid":{"rendered":"https:\/\/www.arte.unicen.edu.ar\/indees\/?p=217"},"modified":"2013-11-18T18:17:15","modified_gmt":"2013-11-18T21:17:15","slug":"el-primer-congreso-nacional-de-escenografia-cerro-sus-puertas-por-este-ano","status":"publish","type":"post","link":"https:\/\/www.arte.unicen.edu.ar\/indees\/el-primer-congreso-nacional-de-escenografia-cerro-sus-puertas-por-este-ano\/","title":{"rendered":"El Primer Congreso Nacional de Escenograf\u00eda cerr\u00f3 sus puertas por este a\u00f1o"},"content":{"rendered":"<p><strong>El Primer Congreso Nacional de Escenograf\u00eda cerr\u00f3 sus puertas con gran \u00e9xito<\/strong><\/p>\n<p>Con el homenaje al escen\u00f3grafo <a href=\"http:\/\/www.indees.com.ar\/archivo\/germen-gelpi\">Germen Gelpi<\/a> (909-1982), uno de los maestros de la escenograf\u00eda argentina, cerr\u00f3 sus puertas el <a href=\"http:\/\/www.indees.com.ar\/institucional\/congreso-de-escenografia\">Primer Congreso Nacional de Escenograf\u00eda<\/a>, considerado ya por sus hacedores y participantes como un hecho hist\u00f3rico para la disciplina.<\/p>\n<p>Con la presencia de m\u00e1s de trescientas personas que se nuclearon durante cuatro d\u00edas en la ciudad de Tandil culmin\u00f3 el <a href=\"http:\/\/www.indees.com.ar\/institucional\/congreso-de-escenografia\">I Congreso Nacional de Escenograf\u00eda<\/a>. Exposiciones, presencias ilustres, debates, homenajes, intercambios, presentaciones de libros, han posibilitado la apertura de un espacio de di\u00e1logo para escen\u00f3grafos, investigadores, docentes, estudiantes y p\u00fablico en general.<\/p>\n<p>Con la promesa de realizar un segundo congreso pero de proyecci\u00f3n internacional para el siguiente a\u00f1o, las palabras del director del <strong>INDEES (Instituto de Estudios Escenogr\u00e1ficos en Artes Esc\u00e9nicas y Audiovisuales)<\/strong>, <strong>Dr. Marcelo Jaureguiberry<\/strong> auspiciaron de conclusi\u00f3n de este primer encuentro.<\/p>\n<p>Todo comenzaba aquel mi\u00e9rcoles 13 de noviembre con la visita del escen\u00f3grafo <a href=\"http:\/\/www.indees.com.ar\/archivo\/guillermo-de-la-torre\">Guillermo De la Torre<\/a>, para inaugurar el encuentro de mayor trascendencia en el \u00e1mbito escenogr\u00e1fico a nivel nacional. Este maestro de escen\u00f3grafos decidi\u00f3 legar todo su fondo documental (bocetos, maquetas, fotograf\u00edas, etc.) al <strong>Instituto de Estudios Escenogr\u00e1ficos<\/strong> en el a\u00f1o 2008. Con este gesto puso en marcha el centro de documentaci\u00f3n especializado en escenograf\u00eda m\u00e1s importante del pa\u00eds y que est\u00e1 alojado en nuestra Universidad. <a href=\"http:\/\/www.indees.com.ar\/archivo\/guillermo-de-la-torre\">Guillermo de la Torre<\/a> fue ovacionado por una gran cantidad de escen\u00f3grafos y estudiantes procedentes de todo el pa\u00eds y distinguido como visitante ilustre de la <a href=\"http:\/\/www.unicen.edu.ar\" target=\"_blank\" rel=\"noopener noreferrer\">UNICEN<\/a>.<\/p>\n<p>Los d\u00edas transcurrieron r\u00e1pido, pero plagados de una reflexi\u00f3n sentida y de construcci\u00f3n colectiva. Este espacio de intercambio, negado durante mucho tiempo, pudo concretarse con la presencia de m\u00e1s de 300 personas que tuvieron la posibilidad de dialogar entre s\u00ed, discutir y abrir espacios de pensamiento para plantear preguntas como \u00bfqu\u00e9 es la escenograf\u00eda? \u00bfQu\u00e9 define al rol del escen\u00f3grafo? \u00bfPuede el escen\u00f3grafo tener un estilo? \u00bfSe puede constituir la escenograf\u00eda como un objeto de estudio v\u00e1lido para generar un corpus te\u00f3rico? \u00bfC\u00f3mo se forman los escen\u00f3grafos? \u00bfQu\u00e9 tienen que saber?, entre much\u00edsimas m\u00e1s.<\/p>\n<p>A los espacios acad\u00e9micos se le sucedieron otros donde grandes profesionales de extensa trayectoria, disertaron sobre las posibilidades de la escenograf\u00eda como hecho po\u00e9tico, \u00fanico y ef\u00edmero. <a href=\"http:\/\/www.indees.com.ar\/archivo\/maria-julia-bertotto\" target=\"_blank\" rel=\"noopener noreferrer\">Mar\u00eda Julia Bertotto<\/a>, <strong>Griselda Gambaro<\/strong>, <a href=\"http:\/\/www.indees.com.ar\/archivo\/carlos-di-pasquo\" target=\"_blank\" rel=\"noopener noreferrer\">Carlos Di Pasquo<\/a>, <a href=\"http:\/\/www.indees.com.ar\/archivo\/hector-calmet\" target=\"_blank\" rel=\"noopener noreferrer\">H\u00e9ctor Calmet<\/a>, <strong>Norberto Laino<\/strong>, <strong>Beatriz Trastoy<\/strong>, <strong>Carlos Pacheco<\/strong>, <strong>Graciela Gonz\u00e1lez de D\u00edaz Araujo<\/strong>, <strong>Silvio Lang<\/strong>, <strong>Gonzalo C\u00f3rdova<\/strong>, terminaron por transformar este <a href=\"http:\/\/www.indees.com.ar\/institucional\/congreso-de-escenografia\" target=\"_blank\" rel=\"noopener noreferrer\">I Congreso Nacional de Escenograf\u00eda<\/a> en un hito para los estudios teatrales.<\/p>\n<p>El agradecimiento desde la comisi\u00f3n organizadora es inmenso para con todos aquellos que habitaron este espacio y con su presencia lo transformaron en un evento hist\u00f3rico.<\/p>\n<p><a href=\"https:\/\/www.arte.unicen.edu.ar\/indees\/wp-content\/uploads\/2015\/05\/congresocierre-1-1.jpg\" class=\"fancybox\" title=\"El Primer Congreso Nacional de Escenograf\u00eda cerr\u00f3 sus puertas por este a\u00f1o\"><img loading=\"lazy\" decoding=\"async\" class=\" size-medium wp-image-218 aligncenter\" src=\"https:\/\/www.arte.unicen.edu.ar\/indees\/wp-content\/uploads\/2015\/05\/congresocierre-1-200x300.jpg\" alt=\"congresocierre\" width=\"200\" height=\"300\" srcset=\"https:\/\/www.arte.unicen.edu.ar\/indees\/wp-content\/uploads\/2015\/05\/congresocierre-1-200x300.jpg 200w, https:\/\/www.arte.unicen.edu.ar\/indees\/wp-content\/uploads\/2015\/05\/congresocierre-1.jpg 640w\" sizes=\"(max-width: 200px) 100vw, 200px\" \/><\/a><\/p>\n","protected":false},"excerpt":{"rendered":"<p>El Primer Congreso Nacional de Escenograf\u00eda cerr\u00f3 sus puertas con gran \u00e9xito Con el homenaje al escen\u00f3grafo Germen Gelpi (909-1982), uno de los maestros de la escenograf\u00eda argentina, cerr\u00f3&#8230; <\/p>\n<div align=\"right\"><a href=\"https:\/\/www.arte.unicen.edu.ar\/indees\/el-primer-congreso-nacional-de-escenografia-cerro-sus-puertas-por-este-ano\/\" class=\"read-more\"><span class=\"fa fa-hand-o-right\"><\/span> Leer m\u00e1s&#8230;<\/a><\/div>\n","protected":false},"author":1,"featured_media":218,"comment_status":"closed","ping_status":"closed","sticky":false,"template":"","format":"standard","meta":{"footnotes":""},"categories":[3],"tags":[18,21,28,52,56,57,58,81,87],"_links":{"self":[{"href":"https:\/\/www.arte.unicen.edu.ar\/indees\/wp-json\/wp\/v2\/posts\/217"}],"collection":[{"href":"https:\/\/www.arte.unicen.edu.ar\/indees\/wp-json\/wp\/v2\/posts"}],"about":[{"href":"https:\/\/www.arte.unicen.edu.ar\/indees\/wp-json\/wp\/v2\/types\/post"}],"author":[{"embeddable":true,"href":"https:\/\/www.arte.unicen.edu.ar\/indees\/wp-json\/wp\/v2\/users\/1"}],"replies":[{"embeddable":true,"href":"https:\/\/www.arte.unicen.edu.ar\/indees\/wp-json\/wp\/v2\/comments?post=217"}],"version-history":[{"count":0,"href":"https:\/\/www.arte.unicen.edu.ar\/indees\/wp-json\/wp\/v2\/posts\/217\/revisions"}],"wp:featuredmedia":[{"embeddable":true,"href":"https:\/\/www.arte.unicen.edu.ar\/indees\/wp-json\/wp\/v2\/media\/218"}],"wp:attachment":[{"href":"https:\/\/www.arte.unicen.edu.ar\/indees\/wp-json\/wp\/v2\/media?parent=217"}],"wp:term":[{"taxonomy":"category","embeddable":true,"href":"https:\/\/www.arte.unicen.edu.ar\/indees\/wp-json\/wp\/v2\/categories?post=217"},{"taxonomy":"post_tag","embeddable":true,"href":"https:\/\/www.arte.unicen.edu.ar\/indees\/wp-json\/wp\/v2\/tags?post=217"}],"curies":[{"name":"wp","href":"https:\/\/api.w.org\/{rel}","templated":true}]}}