{"id":1472,"date":"2026-06-24T10:56:31","date_gmt":"2026-06-24T13:56:31","guid":{"rendered":"https:\/\/www.arte.unicen.edu.ar\/indees\/?p=1472"},"modified":"2026-06-24T10:56:31","modified_gmt":"2026-06-24T13:56:31","slug":"investigadoras-del-indees-participaron-en-el-prestigioso-simposio-internacional-de-la-cuadrienal-de-praga","status":"publish","type":"post","link":"https:\/\/www.arte.unicen.edu.ar\/indees\/investigadoras-del-indees-participaron-en-el-prestigioso-simposio-internacional-de-la-cuadrienal-de-praga\/","title":{"rendered":"Investigadoras del INDEES participaron en el prestigioso Simposio Internacional de la Cuadrienal de Praga"},"content":{"rendered":"\n<p class=\"wp-block-paragraph\">Las profesoras e investigadoras Yanina Jensen y Lucrecia Etchecoin, integrantes del Instituto de Estudios Escenogr\u00e1ficos (INDEES) de la Facultad de Arte (UNICEN), fueron seleccionadas como expositoras invitadas para participar del Simposio presencial \u201cExposiciones Esc\u00e9nicas, Comisariado de Escenograf\u00edas\u201d.<\/p>\n\n\n\n<p class=\"wp-block-paragraph\">El encuentro internacional se desarroll\u00f3 del 13 al 15 de abril de 2026 en la ciudad de Praga, Rep\u00fablica Checa.<\/p>\n\n\n\n<p class=\"wp-block-paragraph\"><strong>Sobre el proyecto seleccionado<\/strong><\/p>\n\n\n\n<p class=\"wp-block-paragraph\">Las docentes presentaron el trabajo \u201cRESIDUAL: reflexiones sobre un ejercicio curatorial\u201d, el cual cuenta con el aval institucional del Consejo Acad\u00e9mico de la Facultad de Arte (Res. N\u00ba 031\/26).<\/p>\n\n\n\n<p class=\"wp-block-paragraph\">El proyecto se inscribe en las pr\u00e1cticas de investigaci\u00f3n y ense\u00f1anza de las c\u00e1tedras de Escenograf\u00eda (carrera de Teatro) y Direcci\u00f3n de Arte (carrera de Realizaci\u00f3n Integral en Artes Audiovisuales). A partir del an\u00e1lisis de bit\u00e1coras de clase, la propuesta indaga en su potencial como herramientas heur\u00edstico-metodol\u00f3gicas para el reconocimiento de po\u00e9ticas propias. As\u00ed, explora la construcci\u00f3n de una subjetividad que deviene metodolog\u00eda y el ejercicio de curar espacios concebidos como hip\u00f3tesis escenogr\u00e1ficas.<\/p>\n\n\n\n<p class=\"wp-block-paragraph\">La <a href=\"https:\/\/pq.cz\">Cuadrienal de Praga<\/a> es el evento internacional m\u00e1s relevante dedicado al dise\u00f1o esc\u00e9nico, la escenograf\u00eda y la arquitectura teatral y perform\u00e1tica. Funciona como un espacio estrat\u00e9gico para el intercambio acad\u00e9mico, art\u00edstico y la construcci\u00f3n de redes globales entre investigadores, creadores y docentes de todo el mundo.<\/p>\n\n\n\n<p class=\"wp-block-paragraph\">En esta edici\u00f3n, el Simposio propuso reflexionar sobre las relaciones entre las pr\u00e1cticas escenogr\u00e1ficas contempor\u00e1neas, los procesos curatoriales y los dispositivos de exhibici\u00f3n; un campo en expansi\u00f3n que dialoga directamente con las l\u00edneas de investigaci\u00f3n del INDEES. La participaci\u00f3n de las investigadoras en este evento de referencia reafirma el rol de la universidad p\u00fablica como productora de conocimiento y posiciona a la Facultad de Arte como un actor activo en el campo del dise\u00f1o esc\u00e9nico con proyecci\u00f3n global.<\/p>\n","protected":false},"excerpt":{"rendered":"<p>Las profesoras e investigadoras Yanina Jensen y Lucrecia Etchecoin, integrantes del Instituto de Estudios Escenogr\u00e1ficos (INDEES) de la Facultad de Arte (UNICEN), fueron seleccionadas como expositoras invitadas para participar&#8230; <\/p>\n<div align=\"right\"><a href=\"https:\/\/www.arte.unicen.edu.ar\/indees\/investigadoras-del-indees-participaron-en-el-prestigioso-simposio-internacional-de-la-cuadrienal-de-praga\/\" class=\"read-more\"><span class=\"fa fa-hand-o-right\"><\/span> Leer m\u00e1s&#8230;<\/a><\/div>\n","protected":false},"author":1,"featured_media":1475,"comment_status":"closed","ping_status":"closed","sticky":false,"template":"","format":"standard","meta":{"footnotes":""},"categories":[3],"tags":[169,170,171,43,58],"class_list":["post-1472","post","type-post","status-publish","format-standard","has-post-thumbnail","hentry","category-noticias","tag-cuadrienal-de-praga","tag-curaduria","tag-docencia","tag-escenografia","tag-indees"],"_links":{"self":[{"href":"https:\/\/www.arte.unicen.edu.ar\/indees\/wp-json\/wp\/v2\/posts\/1472","targetHints":{"allow":["GET"]}}],"collection":[{"href":"https:\/\/www.arte.unicen.edu.ar\/indees\/wp-json\/wp\/v2\/posts"}],"about":[{"href":"https:\/\/www.arte.unicen.edu.ar\/indees\/wp-json\/wp\/v2\/types\/post"}],"author":[{"embeddable":true,"href":"https:\/\/www.arte.unicen.edu.ar\/indees\/wp-json\/wp\/v2\/users\/1"}],"replies":[{"embeddable":true,"href":"https:\/\/www.arte.unicen.edu.ar\/indees\/wp-json\/wp\/v2\/comments?post=1472"}],"version-history":[{"count":1,"href":"https:\/\/www.arte.unicen.edu.ar\/indees\/wp-json\/wp\/v2\/posts\/1472\/revisions"}],"predecessor-version":[{"id":1477,"href":"https:\/\/www.arte.unicen.edu.ar\/indees\/wp-json\/wp\/v2\/posts\/1472\/revisions\/1477"}],"wp:featuredmedia":[{"embeddable":true,"href":"https:\/\/www.arte.unicen.edu.ar\/indees\/wp-json\/wp\/v2\/media\/1475"}],"wp:attachment":[{"href":"https:\/\/www.arte.unicen.edu.ar\/indees\/wp-json\/wp\/v2\/media?parent=1472"}],"wp:term":[{"taxonomy":"category","embeddable":true,"href":"https:\/\/www.arte.unicen.edu.ar\/indees\/wp-json\/wp\/v2\/categories?post=1472"},{"taxonomy":"post_tag","embeddable":true,"href":"https:\/\/www.arte.unicen.edu.ar\/indees\/wp-json\/wp\/v2\/tags?post=1472"}],"curies":[{"name":"wp","href":"https:\/\/api.w.org\/{rel}","templated":true}]}}