{"id":1313,"date":"2024-07-05T12:37:15","date_gmt":"2024-07-05T15:37:15","guid":{"rendered":"https:\/\/www.arte.unicen.edu.ar\/indees\/?p=1313"},"modified":"2024-07-05T12:37:16","modified_gmt":"2024-07-05T15:37:16","slug":"iii-jornadas-internacionales-sobre-la-ensenanza-de-la-escenografia-y-la-direccion-de-arte-convocatoria-a-ponencias","status":"publish","type":"post","link":"https:\/\/www.arte.unicen.edu.ar\/indees\/iii-jornadas-internacionales-sobre-la-ensenanza-de-la-escenografia-y-la-direccion-de-arte-convocatoria-a-ponencias\/","title":{"rendered":"III Jornadas Internacionales sobre la ENSE\u00d1ANZA de la ESCENOGRAF\u00cdA y la DIRECCION DE ARTE \/ Convocatoria a PONENCIAS"},"content":{"rendered":"\n<p>Organizadas por el <strong>INDEES<\/strong> se realizan en modalidad virtual los pr\u00f3ximos 7 y 8 de noviembre, las <em>III Jornadas Internacionales sobre la Ense\u00f1anza de la Escenograf\u00eda y la Direcci\u00f3n de arte<\/em>, que proponen el intercambio y articulaci\u00f3n entre instituciones educativas nacionales y extranjeras con el objetivo de favorecer la cooperaci\u00f3n y el intercambio internacional sobre diversas problem\u00e1ticas contempor\u00e1neas sobre las pr\u00e1cticas de ense\u00f1anza de la escenograf\u00eda y la direcci\u00f3n de arte en el campo de las artes esc\u00e9nicas y audiovisuales.<\/p>\n\n\n\n<p>Convocatoria a <span style=\"color: #e03837;\"><strong>PONENCIAS<\/strong><\/span><\/p>\n\n\n\n<ul>\n<li>Ejes para presentaci\u00f3n de ponencias y contribuciones:<\/li>\n\n\n\n<li>Problem\u00e1ticas sobre la ense\u00f1anza de la escenograf\u00eda en las artes esc\u00e9nicas.<\/li>\n\n\n\n<li>Problem\u00e1ticas sobre la ense\u00f1anza de la direcci\u00f3n de arte en las artes audiovisuales.<\/li>\n\n\n\n<li>Ense\u00f1anza de las pr\u00e1cticas vinculadas al dise\u00f1o esc\u00e9nico en museograf\u00eda,<\/li>\n\n\n\n<li>arquitectura ef\u00edmera, urbanismo, eventos etc.<\/li>\n\n\n\n<li>Problemas actuales sobre el rol del dise\u00f1ador de producci\u00f3n, la direcci\u00f3n de arte y su<\/li>\n\n\n\n<li>ense\u00f1anza para redes sociales virtuales, streaming y multiples plataformas<\/li>\n\n\n\n<li>Problemas actuales sobre la ense\u00f1anza para las artes esc\u00e9nicas en territorio.<\/li>\n\n\n\n<li>Metodolog\u00edas y marcos pedag\u00f3gicos-did\u00e1cticos en la ense\u00f1anza y aprendizaje de la<\/li>\n\n\n\n<li>escenograf\u00eda, el dise\u00f1o esc\u00e9nico y\/o la direcci\u00f3n de arte.<\/li>\n\n\n\n<li>Experiencias did\u00e1cticas y procesos de experimentaci\u00f3n en el \u00e1mbito educativo.<\/li>\n\n\n\n<li>Historia y teor\u00eda de la ense\u00f1anza de la escenograf\u00eda en las artes esc\u00e9nicas.<\/li>\n\n\n\n<li>Historia y teor\u00eda de la ense\u00f1anza de la direcci\u00f3n de arte en cine y televisi\u00f3n.<\/li>\n\n\n\n<li>Otras formas y experiencias en la ense\u00f1anza y aprendizaje del dise\u00f1o esc\u00e9nico.<\/li>\n\n\n\n<li>Pr\u00e1cticas expandidas y ense\u00f1anza del dise\u00f1o esc\u00e9nico.<\/li>\n<\/ul>\n\n\n\n<p>Presentaci\u00f3n de Res\u00famenes (m\u00e1ximo 350 palabras) hasta el <strong>18 de octubre de 2024<\/strong>.<br>Se aceptar\u00e1n trabajos de hasta 3 (tres) autores.<\/p>\n\n\n\n<p>Los <em>res\u00famenes<\/em> se recibir\u00e1n mediante inscripci\u00f3n a trav\u00e9s del formulario:<br>https:\/\/forms.gle\/9BDs1omJtMUzugTN7<br><br><span style=\"color: #e03837;\"><strong><em>Aranceles<\/em><\/strong><\/span><br>Expositores nacionales: $35000 Pesos Argentinos<br>Asistentes nacionales: $20000 Pesos Argentinos<br>Estudiantes de grado de Universidad Nacionales: Sin cargo<br>Estudiantes de grado y docentes de la Facultad de Arte, UNICEN: Sin cargo<br>Expositores extranjeros: u$100<br>Asistentes extranjeros: u$50<\/p>\n\n\n\n<p><span style=\"color: #e03837;\"><strong><em>Cronograma<\/em><\/strong><\/span><br>Recepci\u00f3n de res\u00famenes: hasta el 18 de octubre de 2024<br>Inscripciones y pago asistentes: hasta el 1\u00b0 de noviembre de 2024<\/p>\n\n\n\n<p><span style=\"color: #e03837;\"><strong><em>Contacto<\/em><\/strong><\/span><br>Correo electr\u00f3nico: congresoescenograf\u00eda@gmail.com<br>Facebook: Congreso de Escenograf\u00eda<br>Instagram: @indeesarteunicen<br>Twitter: @CongresoINDEES<\/p>\n\n\n\n<p>Descarg\u00e1 aqu\u00ed la Primera Circular \ud83d\udc47<\/p>\n\n\n\n<div class=\"wp-block-group is-layout-constrained wp-block-group-is-layout-constrained\"><div class=\"wp-block-group__inner-container\">\n<div class=\"wp-block-file\"><a id=\"wp-block-file--media-738ae615-738d-45df-8abc-f3a53b3bf1d2\" href=\"https:\/\/www.arte.unicen.edu.ar\/indees\/wp-content\/uploads\/2024\/07\/PRIMERA-CIRCULAR-III-JORNADAS-INTERNACIONALES-sobre-la-ENSENANZA-de-la-ESCENOGRAFIA-y-la-DIRECCION-de-ARTE.pdf\" target=\"_blank\" rel=\"noreferrer noopener\">III JORNADAS INTERNACIONALES DE ENSE\u00d1ANZA SOBRE LA ESCENOGRAF\u00cdA Y LA DIRECCION DE ARTE<br><\/a><\/div>\n<\/div><\/div>\n","protected":false},"excerpt":{"rendered":"<p>Organizadas por el INDEES se realizan en modalidad virtual los pr\u00f3ximos 7 y 8 de noviembre, las III Jornadas Internacionales sobre la Ense\u00f1anza de la Escenograf\u00eda y la Direcci\u00f3n&#8230; <\/p>\n<div align=\"right\"><a href=\"https:\/\/www.arte.unicen.edu.ar\/indees\/iii-jornadas-internacionales-sobre-la-ensenanza-de-la-escenografia-y-la-direccion-de-arte-convocatoria-a-ponencias\/\" class=\"read-more\"><span class=\"fa fa-hand-o-right\"><\/span> Leer m\u00e1s&#8230;<\/a><\/div>\n","protected":false},"author":1,"featured_media":0,"comment_status":"closed","ping_status":"closed","sticky":false,"template":"","format":"standard","meta":{"footnotes":""},"categories":[1],"tags":[],"_links":{"self":[{"href":"https:\/\/www.arte.unicen.edu.ar\/indees\/wp-json\/wp\/v2\/posts\/1313"}],"collection":[{"href":"https:\/\/www.arte.unicen.edu.ar\/indees\/wp-json\/wp\/v2\/posts"}],"about":[{"href":"https:\/\/www.arte.unicen.edu.ar\/indees\/wp-json\/wp\/v2\/types\/post"}],"author":[{"embeddable":true,"href":"https:\/\/www.arte.unicen.edu.ar\/indees\/wp-json\/wp\/v2\/users\/1"}],"replies":[{"embeddable":true,"href":"https:\/\/www.arte.unicen.edu.ar\/indees\/wp-json\/wp\/v2\/comments?post=1313"}],"version-history":[{"count":3,"href":"https:\/\/www.arte.unicen.edu.ar\/indees\/wp-json\/wp\/v2\/posts\/1313\/revisions"}],"predecessor-version":[{"id":1324,"href":"https:\/\/www.arte.unicen.edu.ar\/indees\/wp-json\/wp\/v2\/posts\/1313\/revisions\/1324"}],"wp:attachment":[{"href":"https:\/\/www.arte.unicen.edu.ar\/indees\/wp-json\/wp\/v2\/media?parent=1313"}],"wp:term":[{"taxonomy":"category","embeddable":true,"href":"https:\/\/www.arte.unicen.edu.ar\/indees\/wp-json\/wp\/v2\/categories?post=1313"},{"taxonomy":"post_tag","embeddable":true,"href":"https:\/\/www.arte.unicen.edu.ar\/indees\/wp-json\/wp\/v2\/tags?post=1313"}],"curies":[{"name":"wp","href":"https:\/\/api.w.org\/{rel}","templated":true}]}}