{"id":1291,"date":"2022-11-04T13:48:52","date_gmt":"2022-11-04T16:48:52","guid":{"rendered":"https:\/\/www.arte.unicen.edu.ar\/indees\/?p=1291"},"modified":"2022-11-04T13:48:52","modified_gmt":"2022-11-04T16:48:52","slug":"congreso-internacional-de-escenografia-2022-conferencia-magistral-marcelo-valiente-argentina","status":"publish","type":"post","link":"https:\/\/www.arte.unicen.edu.ar\/indees\/congreso-internacional-de-escenografia-2022-conferencia-magistral-marcelo-valiente-argentina\/","title":{"rendered":"Congreso Internacional de Escenograf\u00eda 2022: Conferencia Magistral Marcelo Valiente (Argentina)"},"content":{"rendered":"\n<p>El escen\u00f3grafo Marcelo Valiente, coordinador de la Tecnicatura Superior en Escenograf\u00eda en la Escuela Metropolitana de Arte Dram\u00e1tico de Buenos Aires, presentar\u00e1 la Conferencia titulada \u201c\u00bfQu\u00e9 fue de nuestros egresados?\u201d, reflexionando sobre los trayectos formativos en el \u00e1rea, en di\u00e1logo con las escen\u00f3grafas Tatiana Rulli y Gabriela Mu\u00f1oz.<\/p>\n\n\n\n<p>Escen\u00f3grafo, vestuarista, docente, Marcelo Valiente, curs\u00f3 estudios t\u00e9cnicos con orientaci\u00f3n en Ingenier\u00eda en el Instituto Tecnol\u00f3gico de Buenos Aires, se form\u00f3 en actuaci\u00f3n en la Escuela Nacional de Arte Dram\u00e1tico (actual UNA), se especializ\u00f3 como escen\u00f3grafo con el Arq. Luis Diego Pedreira y en diversos cursos de perfeccionamiento t\u00e9cnico en el \u00e1rea. Ha ejercido la docencia en escenograf\u00eda tanto en Argentina como en el exterior (Universidad Pontificia Bolivariana de Medell\u00edn, Colombia). Actualmente es Coordinador de la Tecnicatura Superior en Escenograf\u00eda en la Escuela Metropolitana de Arte Dram\u00e1tico de Buenos Aires (EMAD), donde dicta las c\u00e1tedras de Proyecto Escenogr\u00e1fico I y III. Ha sido responsable de la creaci\u00f3n de numerosas escenograf\u00edas en circuitos de producci\u00f3n que van desde el teatro off y alternativo, a espect\u00e1culos para salas comerciales y teatros oficiales.<\/p>\n\n\n\n<p>\ud83d\udcc5 \u00bfCu\u00e1ndo? pr\u00f3ximo viernes 11 de noviembre, 10:45 hs<\/p>\n\n\n\n<p>\ud83d\udccd\u00bfD\u00f3nde? Sala Germen Gelpi &#8211; Facultad de Arte (9 de julio 430)<\/p>\n\n\n\n<p>Organiza: Instituto de Estudios Escenogr\u00e1ficos en Artes Esc\u00e9nicas y Audiovisuales, Centro de Investigaciones Dram\u00e1ticas, Facultad de Arte de la Universidad Nacional del Centro de la Provincia de Buenos Aires (UNICEN).<\/p>\n\n\n\n<p>Apoya: Agencia Nacional de Promoci\u00f3n Cient\u00edfica y Tecnolog\u00eda, Fundaci\u00f3n Williams<\/p>\n\n\n\n<p>Auspicia: Instituto Nacional del Teatro, Consejo Provincial de Teatro Independiente de la Provincia de Buenos Aires, Direcci\u00f3n de Cultura, Municipalidad de Tandil<\/p>\n\n\n\n<p>\u2764\ufe0f \u00a1L@s esperamos en Tandil!<\/p>\n\n\n\n<p><a href=\"https:\/\/www.facebook.com\/hashtag\/escenograf%C3%ADa?__eep__=6&amp;__cft__[0]=AZXdZDpjVvBI-0U84sg0mWdhotREms59_gf_ftgwgaYy6jKu5k39O6aVmcvipXIh7RT_aAQXbpXTIRL8WC5bF2hdLFo3q6U7F2v6xf3iBHX-niPKlxZGXAH76XNVpr9IOI0&amp;__tn__=*NK-R\">#escenograf\u00eda<\/a> <a href=\"https:\/\/www.facebook.com\/hashtag\/direcci%C3%B3ndearte?__eep__=6&amp;__cft__[0]=AZXdZDpjVvBI-0U84sg0mWdhotREms59_gf_ftgwgaYy6jKu5k39O6aVmcvipXIh7RT_aAQXbpXTIRL8WC5bF2hdLFo3q6U7F2v6xf3iBHX-niPKlxZGXAH76XNVpr9IOI0&amp;__tn__=*NK-R\">#direcci\u00f3ndearte<\/a> <a href=\"https:\/\/www.facebook.com\/hashtag\/dise%C3%B1oesc%C3%A9nico?__eep__=6&amp;__cft__[0]=AZXdZDpjVvBI-0U84sg0mWdhotREms59_gf_ftgwgaYy6jKu5k39O6aVmcvipXIh7RT_aAQXbpXTIRL8WC5bF2hdLFo3q6U7F2v6xf3iBHX-niPKlxZGXAH76XNVpr9IOI0&amp;__tn__=*NK-R\">#dise\u00f1oesc\u00e9nico<\/a> <a href=\"https:\/\/www.facebook.com\/hashtag\/indees?__eep__=6&amp;__cft__[0]=AZXdZDpjVvBI-0U84sg0mWdhotREms59_gf_ftgwgaYy6jKu5k39O6aVmcvipXIh7RT_aAQXbpXTIRL8WC5bF2hdLFo3q6U7F2v6xf3iBHX-niPKlxZGXAH76XNVpr9IOI0&amp;__tn__=*NK-R\">#INDEES<\/a> <a href=\"https:\/\/www.facebook.com\/hashtag\/cid?__eep__=6&amp;__cft__[0]=AZXdZDpjVvBI-0U84sg0mWdhotREms59_gf_ftgwgaYy6jKu5k39O6aVmcvipXIh7RT_aAQXbpXTIRL8WC5bF2hdLFo3q6U7F2v6xf3iBHX-niPKlxZGXAH76XNVpr9IOI0&amp;__tn__=*NK-R\">#CID<\/a> <a href=\"https:\/\/www.facebook.com\/hashtag\/congresointernacional?__eep__=6&amp;__cft__[0]=AZXdZDpjVvBI-0U84sg0mWdhotREms59_gf_ftgwgaYy6jKu5k39O6aVmcvipXIh7RT_aAQXbpXTIRL8WC5bF2hdLFo3q6U7F2v6xf3iBHX-niPKlxZGXAH76XNVpr9IOI0&amp;__tn__=*NK-R\">#congresointernacional<\/a> <a href=\"https:\/\/www.facebook.com\/hashtag\/facultaddearte?__eep__=6&amp;__cft__[0]=AZXdZDpjVvBI-0U84sg0mWdhotREms59_gf_ftgwgaYy6jKu5k39O6aVmcvipXIh7RT_aAQXbpXTIRL8WC5bF2hdLFo3q6U7F2v6xf3iBHX-niPKlxZGXAH76XNVpr9IOI0&amp;__tn__=*NK-R\">#FacultaddeArte<\/a> <a href=\"https:\/\/www.facebook.com\/hashtag\/unicen?__eep__=6&amp;__cft__[0]=AZXdZDpjVvBI-0U84sg0mWdhotREms59_gf_ftgwgaYy6jKu5k39O6aVmcvipXIh7RT_aAQXbpXTIRL8WC5bF2hdLFo3q6U7F2v6xf3iBHX-niPKlxZGXAH76XNVpr9IOI0&amp;__tn__=*NK-R\">#UNICEN<\/a> <a href=\"https:\/\/www.facebook.com\/hashtag\/tandil?__eep__=6&amp;__cft__[0]=AZXdZDpjVvBI-0U84sg0mWdhotREms59_gf_ftgwgaYy6jKu5k39O6aVmcvipXIh7RT_aAQXbpXTIRL8WC5bF2hdLFo3q6U7F2v6xf3iBHX-niPKlxZGXAH76XNVpr9IOI0&amp;__tn__=*NK-R\">#Tandil<\/a><\/p>\n\n\n\n<h1 class=\"wp-block-heading\"><\/h1>\n","protected":false},"excerpt":{"rendered":"<p>El escen\u00f3grafo Marcelo Valiente, coordinador de la Tecnicatura Superior en Escenograf\u00eda en la Escuela Metropolitana de Arte Dram\u00e1tico de Buenos Aires, presentar\u00e1 la Conferencia titulada \u201c\u00bfQu\u00e9 fue de nuestros&#8230; <\/p>\n<div align=\"right\"><a href=\"https:\/\/www.arte.unicen.edu.ar\/indees\/congreso-internacional-de-escenografia-2022-conferencia-magistral-marcelo-valiente-argentina\/\" class=\"read-more\"><span class=\"fa fa-hand-o-right\"><\/span> Leer m\u00e1s&#8230;<\/a><\/div>\n","protected":false},"author":1,"featured_media":1292,"comment_status":"closed","ping_status":"closed","sticky":false,"template":"","format":"standard","meta":{"footnotes":""},"categories":[3],"tags":[138,152,43,58,160],"_links":{"self":[{"href":"https:\/\/www.arte.unicen.edu.ar\/indees\/wp-json\/wp\/v2\/posts\/1291"}],"collection":[{"href":"https:\/\/www.arte.unicen.edu.ar\/indees\/wp-json\/wp\/v2\/posts"}],"about":[{"href":"https:\/\/www.arte.unicen.edu.ar\/indees\/wp-json\/wp\/v2\/types\/post"}],"author":[{"embeddable":true,"href":"https:\/\/www.arte.unicen.edu.ar\/indees\/wp-json\/wp\/v2\/users\/1"}],"replies":[{"embeddable":true,"href":"https:\/\/www.arte.unicen.edu.ar\/indees\/wp-json\/wp\/v2\/comments?post=1291"}],"version-history":[{"count":1,"href":"https:\/\/www.arte.unicen.edu.ar\/indees\/wp-json\/wp\/v2\/posts\/1291\/revisions"}],"predecessor-version":[{"id":1293,"href":"https:\/\/www.arte.unicen.edu.ar\/indees\/wp-json\/wp\/v2\/posts\/1291\/revisions\/1293"}],"wp:featuredmedia":[{"embeddable":true,"href":"https:\/\/www.arte.unicen.edu.ar\/indees\/wp-json\/wp\/v2\/media\/1292"}],"wp:attachment":[{"href":"https:\/\/www.arte.unicen.edu.ar\/indees\/wp-json\/wp\/v2\/media?parent=1291"}],"wp:term":[{"taxonomy":"category","embeddable":true,"href":"https:\/\/www.arte.unicen.edu.ar\/indees\/wp-json\/wp\/v2\/categories?post=1291"},{"taxonomy":"post_tag","embeddable":true,"href":"https:\/\/www.arte.unicen.edu.ar\/indees\/wp-json\/wp\/v2\/tags?post=1291"}],"curies":[{"name":"wp","href":"https:\/\/api.w.org\/{rel}","templated":true}]}}