{"id":1287,"date":"2022-11-03T13:49:39","date_gmt":"2022-11-03T16:49:39","guid":{"rendered":"https:\/\/www.arte.unicen.edu.ar\/indees\/?p=1287"},"modified":"2022-11-03T13:49:39","modified_gmt":"2022-11-03T16:49:39","slug":"congreso-internacional-de-escenografia-2022-conferencia-magistral-maria-victoria-alcaraz-ministerio-de-cultura-ciudad-de-buenos-aires","status":"publish","type":"post","link":"https:\/\/www.arte.unicen.edu.ar\/indees\/congreso-internacional-de-escenografia-2022-conferencia-magistral-maria-victoria-alcaraz-ministerio-de-cultura-ciudad-de-buenos-aires\/","title":{"rendered":"Congreso Internacional de Escenograf\u00eda 2022: Conferencia Magistral Mar\u00eda Victoria Alcaraz, Ministerio de Cultura, Ciudad de Buenos Aires."},"content":{"rendered":"\n<p>La profesora en historia y especialista en gesti\u00f3n cultural, Mar\u00eda Victoria Alcaraz, actual Directora de la Direcci\u00f3n General de Cooperaci\u00f3n Cultural Internacional del Ministerio de Cultura de la Ciudad de Buenos Aires, estar\u00e1 presente en el Congreso Internacional de Escenograf\u00eda 2022 con la conferencia &#8220;Proyecto Col\u00f3n F\u00e1brica&#8221;, especial oportunidad para conocer las caracter\u00edsticas de este proyecto que abarca las producciones de los talleres del Teatro Col\u00f3n, uno de los teatros l\u00edricos m\u00e1s importantes del mundo.<\/p>\n\n\n\n<p>Mar\u00eda Victoria Alcaraz, primera mujer en desempe\u00f1ar la direcci\u00f3n general del Teatro Col\u00f3n (2015-2022), es profesora en Historia y se especializ\u00f3 en Pol\u00edticas y Gesti\u00f3n de la Cultura enfoc\u00e1ndose en direcci\u00f3n de instituciones culturales p\u00fablicas, cooperaci\u00f3n iberoamericana y redes culturales, econom\u00eda de la cultura y administraci\u00f3n financiera p\u00fablica. Actualmente se desempe\u00f1a como Directora de la Direcci\u00f3n General de Cooperaci\u00f3n Cultural Internacional del Ministerio de Cultura de la Ciudad de Buenos Aires. Es Titular de la C\u00e1tedra de Introducci\u00f3n al Conocimiento de la Sociedad y el Estado en el Ciclo B\u00e1sico Com\u00fan en la Universidad de Buenos Aires.<\/p>\n\n\n\n<p>\ud83d\udcc5 \u00bfCu\u00e1ndo? s\u00e1bado 12 de noviembre, 10:45 hs<\/p>\n\n\n\n<p>\ud83d\udccd\u00bfD\u00f3nde? Museo Municipal de Bellas Artes Tandil (Chacabuco 357)<\/p>\n\n\n\n<p>Organiza: Instituto de Estudios Escenogr\u00e1ficos en Artes Esc\u00e9nicas y Audiovisuales, Centro de Investigaciones Dram\u00e1ticas, Facultad de Arte de la Universidad Nacional del Centro de la Provincia de Buenos Aires (UNICEN).<\/p>\n\n\n\n<p>Apoya: Agencia Nacional de Promoci\u00f3n Cient\u00edfica y Tecnolog\u00eda, Fundaci\u00f3n Williams<\/p>\n\n\n\n<p>Auspicia: Instituto Nacional del Teatro, Consejo Provincial de Teatro Independiente de la Provincia de Buenos Aires, Direcci\u00f3n de Cultura, Municipalidad de Tandil<\/p>\n\n\n\n<p>\u2764\ufe0f \u00a1L@s esperamos en Tandil!<\/p>\n\n\n\n<p><a href=\"https:\/\/www.instagram.com\/explore\/tags\/escenograf%C3%ADa\/\">#escenograf\u00eda<\/a><a href=\"https:\/\/www.instagram.com\/explore\/tags\/direcci%C3%B3ndearte\/\">#direcci\u00f3ndearte<\/a><a href=\"https:\/\/www.instagram.com\/explore\/tags\/dise%C3%B1oesc%C3%A9nico\/\">#dise\u00f1oesc\u00e9nico<\/a><a href=\"https:\/\/www.instagram.com\/explore\/tags\/indees\/\">#INDEES<\/a><a href=\"https:\/\/www.instagram.com\/explore\/tags\/cid\/\">#CID<\/a><a href=\"https:\/\/www.instagram.com\/explore\/tags\/congresointernacional\/\">#congresointernacional<\/a><a href=\"https:\/\/www.instagram.com\/explore\/tags\/facultaddearte\/\">#FacultaddeArte<\/a><a href=\"https:\/\/www.instagram.com\/explore\/tags\/unicen\/\">#UNICEN<\/a><a href=\"https:\/\/www.instagram.com\/explore\/tags\/tandil\/\">#Tandil<\/a><\/p>\n","protected":false},"excerpt":{"rendered":"<p>La profesora en historia y especialista en gesti\u00f3n cultural, Mar\u00eda Victoria Alcaraz, actual Directora de la Direcci\u00f3n General de Cooperaci\u00f3n Cultural Internacional del Ministerio de Cultura de la Ciudad&#8230; <\/p>\n<div align=\"right\"><a href=\"https:\/\/www.arte.unicen.edu.ar\/indees\/congreso-internacional-de-escenografia-2022-conferencia-magistral-maria-victoria-alcaraz-ministerio-de-cultura-ciudad-de-buenos-aires\/\" class=\"read-more\"><span class=\"fa fa-hand-o-right\"><\/span> Leer m\u00e1s&#8230;<\/a><\/div>\n","protected":false},"author":1,"featured_media":1288,"comment_status":"closed","ping_status":"closed","sticky":false,"template":"","format":"standard","meta":{"footnotes":""},"categories":[3],"tags":[158,138,43,58,159],"_links":{"self":[{"href":"https:\/\/www.arte.unicen.edu.ar\/indees\/wp-json\/wp\/v2\/posts\/1287"}],"collection":[{"href":"https:\/\/www.arte.unicen.edu.ar\/indees\/wp-json\/wp\/v2\/posts"}],"about":[{"href":"https:\/\/www.arte.unicen.edu.ar\/indees\/wp-json\/wp\/v2\/types\/post"}],"author":[{"embeddable":true,"href":"https:\/\/www.arte.unicen.edu.ar\/indees\/wp-json\/wp\/v2\/users\/1"}],"replies":[{"embeddable":true,"href":"https:\/\/www.arte.unicen.edu.ar\/indees\/wp-json\/wp\/v2\/comments?post=1287"}],"version-history":[{"count":1,"href":"https:\/\/www.arte.unicen.edu.ar\/indees\/wp-json\/wp\/v2\/posts\/1287\/revisions"}],"predecessor-version":[{"id":1289,"href":"https:\/\/www.arte.unicen.edu.ar\/indees\/wp-json\/wp\/v2\/posts\/1287\/revisions\/1289"}],"wp:featuredmedia":[{"embeddable":true,"href":"https:\/\/www.arte.unicen.edu.ar\/indees\/wp-json\/wp\/v2\/media\/1288"}],"wp:attachment":[{"href":"https:\/\/www.arte.unicen.edu.ar\/indees\/wp-json\/wp\/v2\/media?parent=1287"}],"wp:term":[{"taxonomy":"category","embeddable":true,"href":"https:\/\/www.arte.unicen.edu.ar\/indees\/wp-json\/wp\/v2\/categories?post=1287"},{"taxonomy":"post_tag","embeddable":true,"href":"https:\/\/www.arte.unicen.edu.ar\/indees\/wp-json\/wp\/v2\/tags?post=1287"}],"curies":[{"name":"wp","href":"https:\/\/api.w.org\/{rel}","templated":true}]}}