{"id":1273,"date":"2022-11-01T20:40:12","date_gmt":"2022-11-01T23:40:12","guid":{"rendered":"https:\/\/www.arte.unicen.edu.ar\/indees\/?p=1273"},"modified":"2022-11-01T20:40:12","modified_gmt":"2022-11-01T23:40:12","slug":"congreso-internacional-de-escenografia-2022-conferencia-magistral-analia-brun-uruguay","status":"publish","type":"post","link":"https:\/\/www.arte.unicen.edu.ar\/indees\/congreso-internacional-de-escenografia-2022-conferencia-magistral-analia-brun-uruguay\/","title":{"rendered":"Congreso Internacional de Escenograf\u00eda 2022: Conferencia Magistral Anal\u00eda Brun (Uruguay)"},"content":{"rendered":"\n<p>La coordinadora acad\u00e9mica de la Escuela Multidisciplinar de Arte Dram\u00e1tico de Montevideo, Anal\u00eda Brun, estar\u00e1 presente en el Congreso Internacional de Escenograf\u00eda 2022 con la conferencia \u201cUna aproximaci\u00f3n a la formaci\u00f3n escenogr\u00e1fica en Montevideo\u201d, siendo una oportunidad para conocer los trayectos formativos en escenograf\u00eda en el vecino pa\u00eds.<\/p>\n\n\n\n<p>Artista, docente e investigadora, Anal\u00eda Brun, es Mag\u00edster en Humanidades opci\u00f3n Teor\u00eda e Historia del Teatro por la Facultad de Humanidades y Ciencias de la Educaci\u00f3n, Universidad de la Rep\u00fablica (Uruguay) y Dise\u00f1adora Teatral Diplomada en la Universidad Polit\u00e9cnica de Valencia, especializada en T\u00e9cnicas y Materiales escenogr\u00e1ficos. Actualmente es docente de la EMAD e integra la Comisi\u00f3n de Saberes T\u00e9cnicos en las Artes Esc\u00e9nicas, proyecto coorganizado por el Departamento de Acreditaciones de UTU, la EMAD y el INAE y el proyecto &#8220;Arte, Derechos Humanos y Convivencia Ciudadana&#8221; del IIDH.<\/p>\n\n\n\n<p>\ud83d\udcc5 \u00bfCu\u00e1ndo? pr\u00f3ximo jueves 10 de noviembre, 16:15 hs<br>\ud83d\udccd\u00bfD\u00f3nde? Museo Municipal de Bellas Artes de Tandil (Chacabuco 357)<\/p>\n\n\n\n<p>Organiza: Instituto de Estudios Escenogr\u00e1ficos en Artes Esc\u00e9nicas y Audiovisuales, Centro de Investigaciones Dram\u00e1ticas, Facultad de Arte de la Universidad Nacional del Centro de la Provincia de Buenos Aires (UNICEN).<\/p>\n\n\n\n<p>Apoya: Agencia Nacional de Promoci\u00f3n Cient\u00edfica y Tecnolog\u00eda, Fundaci\u00f3n Williams<\/p>\n\n\n\n<p>Auspicia: Instituto Nacional del Teatro, Consejo Provincial de Teatro Independiente de la Provincia de Buenos Aires, Direcci\u00f3n de Cultura, Municipalidad de Tandil<\/p>\n\n\n\n<p>\u2764\ufe0f \u00a1L@s esperamos en Tandil!<\/p>\n\n\n\n<p><a href=\"https:\/\/www.instagram.com\/explore\/tags\/escenograf%C3%ADa\/\">#escenograf\u00eda<\/a><a href=\"https:\/\/www.instagram.com\/explore\/tags\/direcci%C3%B3ndearte\/\">#direcci\u00f3ndearte<\/a><a href=\"https:\/\/www.instagram.com\/explore\/tags\/dise%C3%B1oesc%C3%A9nico\/\">#dise\u00f1oesc\u00e9nico<\/a><a href=\"https:\/\/www.instagram.com\/explore\/tags\/indees\/\">#INDEES<\/a><a href=\"https:\/\/www.instagram.com\/explore\/tags\/cid\/\">#CID<\/a><a href=\"https:\/\/www.instagram.com\/explore\/tags\/congresointernacional\/\">#congresointernacional<\/a><a href=\"https:\/\/www.instagram.com\/explore\/tags\/facultaddearte\/\">#FacultaddeArte<\/a><a href=\"https:\/\/www.instagram.com\/explore\/tags\/unicen\/\">#UNICEN<\/a><a href=\"https:\/\/www.instagram.com\/explore\/tags\/tandil\/\">#Tandil<\/a><\/p>\n","protected":false},"excerpt":{"rendered":"<p>La coordinadora acad\u00e9mica de la Escuela Multidisciplinar de Arte Dram\u00e1tico de Montevideo, Anal\u00eda Brun, estar\u00e1 presente en el Congreso Internacional de Escenograf\u00eda 2022 con la conferencia \u201cUna aproximaci\u00f3n a&#8230; <\/p>\n<div align=\"right\"><a href=\"https:\/\/www.arte.unicen.edu.ar\/indees\/congreso-internacional-de-escenografia-2022-conferencia-magistral-analia-brun-uruguay\/\" class=\"read-more\"><span class=\"fa fa-hand-o-right\"><\/span> Leer m\u00e1s&#8230;<\/a><\/div>\n","protected":false},"author":1,"featured_media":1274,"comment_status":"closed","ping_status":"closed","sticky":false,"template":"","format":"standard","meta":{"footnotes":""},"categories":[3],"tags":[151,26,152,43,154,58,153],"_links":{"self":[{"href":"https:\/\/www.arte.unicen.edu.ar\/indees\/wp-json\/wp\/v2\/posts\/1273"}],"collection":[{"href":"https:\/\/www.arte.unicen.edu.ar\/indees\/wp-json\/wp\/v2\/posts"}],"about":[{"href":"https:\/\/www.arte.unicen.edu.ar\/indees\/wp-json\/wp\/v2\/types\/post"}],"author":[{"embeddable":true,"href":"https:\/\/www.arte.unicen.edu.ar\/indees\/wp-json\/wp\/v2\/users\/1"}],"replies":[{"embeddable":true,"href":"https:\/\/www.arte.unicen.edu.ar\/indees\/wp-json\/wp\/v2\/comments?post=1273"}],"version-history":[{"count":1,"href":"https:\/\/www.arte.unicen.edu.ar\/indees\/wp-json\/wp\/v2\/posts\/1273\/revisions"}],"predecessor-version":[{"id":1275,"href":"https:\/\/www.arte.unicen.edu.ar\/indees\/wp-json\/wp\/v2\/posts\/1273\/revisions\/1275"}],"wp:featuredmedia":[{"embeddable":true,"href":"https:\/\/www.arte.unicen.edu.ar\/indees\/wp-json\/wp\/v2\/media\/1274"}],"wp:attachment":[{"href":"https:\/\/www.arte.unicen.edu.ar\/indees\/wp-json\/wp\/v2\/media?parent=1273"}],"wp:term":[{"taxonomy":"category","embeddable":true,"href":"https:\/\/www.arte.unicen.edu.ar\/indees\/wp-json\/wp\/v2\/categories?post=1273"},{"taxonomy":"post_tag","embeddable":true,"href":"https:\/\/www.arte.unicen.edu.ar\/indees\/wp-json\/wp\/v2\/tags?post=1273"}],"curies":[{"name":"wp","href":"https:\/\/api.w.org\/{rel}","templated":true}]}}