{"id":1270,"date":"2022-11-01T09:46:16","date_gmt":"2022-11-01T12:46:16","guid":{"rendered":"https:\/\/www.arte.unicen.edu.ar\/indees\/?p=1270"},"modified":"2022-11-01T09:46:16","modified_gmt":"2022-11-01T12:46:16","slug":"congreso-internacional-de-escenografia-2022-conferencia-magistral-carlos-coccia-italia","status":"publish","type":"post","link":"https:\/\/www.arte.unicen.edu.ar\/indees\/congreso-internacional-de-escenografia-2022-conferencia-magistral-carlos-coccia-italia\/","title":{"rendered":"Congreso Internacional de Escenograf\u00eda 2022: Conferencia Magistral Carlos Coccia (Italia)"},"content":{"rendered":"\n<p>El escen\u00f3grafo y docente, Carlos Coccia, presentar\u00e1 en el Congreso Internacional de Escenograf\u00eda 2022, la conferencia titulada \u201cEscenograf\u00eda, patrimonio y comunicaci\u00f3n\u201d, siendo una oportunidad \u00fanica para conocer el trabajo, perspectiva y obra de este reconocido artista contempor\u00e1neo.\u00a0<br><br>Escen\u00f3grafo, dise\u00f1ador gr\u00e1fico, director art\u00edstico y docente, Carlos Coccia se gradu\u00f3 de la Academia de Bellas Artes de Venecia y del Instituto de Tecnolog\u00eda ORT de Buenos Aires. Desarrolla su trabajo en el \u00e1mbito teatral, publicitario y museogr\u00e1fico participando como escen\u00f3grafo, dise\u00f1ador y director de arte en numerosos espect\u00e1culos de danza, teatro, m\u00fasica y exposiciones de car\u00e1cter arqueol\u00f3gico y etnogr\u00e1fico. Ha frecuentado cursos y seminarios de cine, edici\u00f3n de video, grabado, teatro de objetos, iluminaci\u00f3n y gui\u00f3n en varias instituciones como el Instituto Pratt y SVA de New york (USA), la Academia Carrara de B\u00e9rgamo (Italia), la Escuela de Marionetistas de Londres (UK), la Escuela de Iluminaci\u00f3n de Bamberg (Alemania) y el Teatro San Mart\u00edn de Buenos Aires (Argentina). Ha publicado ensayos, libros ilustrados y editado revistas.\u00a0<br><br>\ud83d\udcc5 \u00bfCu\u00e1ndo? pr\u00f3ximo jueves 10 de noviembre, 12:15 hs<br><br>\ud83d\udccd\u00bfD\u00f3nde? Sala Guillermo de La Torre, Facultad de Arte (9 de julio 430) ciudad de Tandil<br><br>Organiza: Instituto de Estudios Escenogr\u00e1ficos en Artes Esc\u00e9nicas y Audiovisuales, Centro de Investigaciones Dram\u00e1ticas, Facultad de Arte de la Universidad Nacional del Centro de la Provincia de Buenos Aires (UNICEN).<br><br>Apoya: Agencia Nacional de Promoci\u00f3n Cient\u00edfica y Tecnolog\u00eda, Fundaci\u00f3n Williams<br><br>Auspicia: Instituto Nacional del Teatro, Consejo Provincial de Teatro Independiente de la Provincia de Buenos Aires, Direcci\u00f3n de Cultura, Municipalidad de Tandil<br><br>\ud83d\udc49 \u00a1L@s esperamos en Tandil!<br><br><a href=\"https:\/\/www.instagram.com\/explore\/tags\/escenograf%C3%ADa\/\">#escenograf\u00eda<\/a>\u00a0<a href=\"https:\/\/www.instagram.com\/explore\/tags\/direcci%C3%B3ndearte\/\">#direcci\u00f3ndearte<\/a>\u00a0<a href=\"https:\/\/www.instagram.com\/explore\/tags\/dise%C3%B1oesc%C3%A9nico\/\">#dise\u00f1oesc\u00e9nico<\/a>\u00a0<a href=\"https:\/\/www.instagram.com\/explore\/tags\/indees\/\">#INDEES<\/a><a href=\"https:\/\/www.instagram.com\/explore\/tags\/cid\/\">#CID<\/a>\u00a0<a href=\"https:\/\/www.instagram.com\/explore\/tags\/congresointernacional\/\">#congresointernacional<\/a>\u00a0<a href=\"https:\/\/www.instagram.com\/explore\/tags\/facultaddearte\/\">#FacultaddeArte<\/a>\u00a0<a href=\"https:\/\/www.instagram.com\/explore\/tags\/unicen\/\">#UNICEN<\/a><a href=\"https:\/\/www.instagram.com\/explore\/tags\/tandil\/\">#Tandil<\/a><\/p>\n","protected":false},"excerpt":{"rendered":"<p>El escen\u00f3grafo y docente, Carlos Coccia, presentar\u00e1 en el Congreso Internacional de Escenograf\u00eda 2022, la conferencia titulada \u201cEscenograf\u00eda, patrimonio y comunicaci\u00f3n\u201d, siendo una oportunidad \u00fanica para conocer el trabajo,&#8230; <\/p>\n<div align=\"right\"><a href=\"https:\/\/www.arte.unicen.edu.ar\/indees\/congreso-internacional-de-escenografia-2022-conferencia-magistral-carlos-coccia-italia\/\" class=\"read-more\"><span class=\"fa fa-hand-o-right\"><\/span> Leer m\u00e1s&#8230;<\/a><\/div>\n","protected":false},"author":1,"featured_media":1271,"comment_status":"closed","ping_status":"closed","sticky":false,"template":"","format":"standard","meta":{"footnotes":""},"categories":[3],"tags":[150,26,138,43,58,141,142],"_links":{"self":[{"href":"https:\/\/www.arte.unicen.edu.ar\/indees\/wp-json\/wp\/v2\/posts\/1270"}],"collection":[{"href":"https:\/\/www.arte.unicen.edu.ar\/indees\/wp-json\/wp\/v2\/posts"}],"about":[{"href":"https:\/\/www.arte.unicen.edu.ar\/indees\/wp-json\/wp\/v2\/types\/post"}],"author":[{"embeddable":true,"href":"https:\/\/www.arte.unicen.edu.ar\/indees\/wp-json\/wp\/v2\/users\/1"}],"replies":[{"embeddable":true,"href":"https:\/\/www.arte.unicen.edu.ar\/indees\/wp-json\/wp\/v2\/comments?post=1270"}],"version-history":[{"count":1,"href":"https:\/\/www.arte.unicen.edu.ar\/indees\/wp-json\/wp\/v2\/posts\/1270\/revisions"}],"predecessor-version":[{"id":1272,"href":"https:\/\/www.arte.unicen.edu.ar\/indees\/wp-json\/wp\/v2\/posts\/1270\/revisions\/1272"}],"wp:featuredmedia":[{"embeddable":true,"href":"https:\/\/www.arte.unicen.edu.ar\/indees\/wp-json\/wp\/v2\/media\/1271"}],"wp:attachment":[{"href":"https:\/\/www.arte.unicen.edu.ar\/indees\/wp-json\/wp\/v2\/media?parent=1270"}],"wp:term":[{"taxonomy":"category","embeddable":true,"href":"https:\/\/www.arte.unicen.edu.ar\/indees\/wp-json\/wp\/v2\/categories?post=1270"},{"taxonomy":"post_tag","embeddable":true,"href":"https:\/\/www.arte.unicen.edu.ar\/indees\/wp-json\/wp\/v2\/tags?post=1270"}],"curies":[{"name":"wp","href":"https:\/\/api.w.org\/{rel}","templated":true}]}}