{"id":1266,"date":"2022-10-29T14:10:07","date_gmt":"2022-10-29T17:10:07","guid":{"rendered":"https:\/\/www.arte.unicen.edu.ar\/indees\/?p=1266"},"modified":"2022-10-29T14:10:39","modified_gmt":"2022-10-29T17:10:39","slug":"congreso-internacional-de-escenografia-2022-conferencia-magistral-tamara-figueroa-chile","status":"publish","type":"post","link":"https:\/\/www.arte.unicen.edu.ar\/indees\/congreso-internacional-de-escenografia-2022-conferencia-magistral-tamara-figueroa-chile\/","title":{"rendered":"Congreso Internacional de Escenograf\u00eda 2022: Conferencia Magistral Tamara Figueroa (Chile)"},"content":{"rendered":"\n<p>Tamara Figueroa, dise\u00f1adora esc\u00e9nica y acad\u00e9mica de la Universidad de Valpara\u00edso, Chile, participa del Congreso Internacional de Escenograf\u00eda 2022 con la conferencia que lleva por t\u00edtulo \u201cHacia una redefinici\u00f3n de sitio para el dise\u00f1o de performance\u201d, interesante oportunidad para dialogar con esta profesional de la escenograf\u00eda contempor\u00e1nea.\u00a0<\/p>\n\n\n\n<p>Dise\u00f1adora Esc\u00e9nica especializada en dise\u00f1o de espacio e iluminaci\u00f3n para performance, Tamara Figueroa es Acad\u00e9mica de la Escuela de Teatro de la Universidad de Valpara\u00edso y directora del estudio dique5, dedicado a proyectos de producci\u00f3n de obra esc\u00e9nica, escenot\u00e9cnica y a proyectos transdisciplinares con enfoque territorial. Ha trabajado en m\u00e1s de 45 obras con destacadas directoras y directores en Teatro, Danza, \u00d3pera, Arquitectura y Telefilm tanto en Chile como en otros pa\u00edses de Am\u00e9rica y Europa. Fue galardonada con el premio Unesco a las Artes Esc\u00e9nicas por la obra &#8220;Reversible&#8221; del colectivo Sociedad Inmaterial en la Cuadrienal de Praga, de la cual tambi\u00e9n fue expositora en la secci\u00f3n Escenograf\u00eda y Memoria en 2019 y en el simposio \u201cWhere are we\u201d en 2022. Es socia de la Agrupaci\u00f3n de Dise\u00f1adores, T\u00e9cnicos y Realizadores Esc\u00e9nicos ADTRES.<\/p>\n\n\n\n<p>\ud83d\udcc5 \u00bfCu\u00e1ndo? pr\u00f3ximo viernes 11 de noviembre, 16:45 hs<\/p>\n\n\n\n<p>\ud83d\udccd\u00bfD\u00f3nde? Museo Municipal de Bellas Artes Tandil (Chacabuco 357)<\/p>\n\n\n\n<p>Organiza: Instituto de Estudios Escenogr\u00e1ficos en Artes Esc\u00e9nicas y Audiovisuales, Centro de Investigaciones Dram\u00e1ticas, Facultad de Arte de la Universidad Nacional del Centro de la Provincia de Buenos Aires (UNICEN).<\/p>\n\n\n\n<p>Apoya: Agencia Nacional de Promoci\u00f3n Cient\u00edfica y Tecnolog\u00eda, Fundaci\u00f3n Williams<\/p>\n\n\n\n<p>Auspicia: Instituto Nacional del Teatro, Consejo Provincial de Teatro Independiente de la Provincia de Buenos Aires, Direcci\u00f3n de Cultura, Municipalidad de Tandil<\/p>\n\n\n\n<p>\ud83d\udc49 \u00a1L@s esperamos en Tandil!<\/p>\n\n\n\n<p><a href=\"https:\/\/www.instagram.com\/explore\/tags\/escenograf%C3%ADa\/\">#escenograf\u00eda<\/a><a href=\"https:\/\/www.instagram.com\/explore\/tags\/direcci%C3%B3ndearte\/\">#direcci\u00f3ndearte<\/a><a href=\"https:\/\/www.instagram.com\/explore\/tags\/dise%C3%B1oesc%C3%A9nico\/\">#dise\u00f1oesc\u00e9nico<\/a><a href=\"https:\/\/www.instagram.com\/explore\/tags\/indees\/\">#INDEES<\/a><a href=\"https:\/\/www.instagram.com\/explore\/tags\/cid\/\">#CID<\/a><a href=\"https:\/\/www.instagram.com\/explore\/tags\/congresointernacional\/\">#congresointernacional<\/a><a href=\"https:\/\/www.instagram.com\/explore\/tags\/facultaddearte\/\">#FacultaddeArte<\/a><a href=\"https:\/\/www.instagram.com\/explore\/tags\/unicen\/\">#UNICEN<\/a><a href=\"https:\/\/www.instagram.com\/explore\/tags\/tandil\/\">#Tandil<\/a><\/p>\n","protected":false},"excerpt":{"rendered":"<p>Tamara Figueroa, dise\u00f1adora esc\u00e9nica y acad\u00e9mica de la Universidad de Valpara\u00edso, Chile, participa del Congreso Internacional de Escenograf\u00eda 2022 con la conferencia que lleva por t\u00edtulo \u201cHacia una redefinici\u00f3n&#8230; <\/p>\n<div align=\"right\"><a href=\"https:\/\/www.arte.unicen.edu.ar\/indees\/congreso-internacional-de-escenografia-2022-conferencia-magistral-tamara-figueroa-chile\/\" class=\"read-more\"><span class=\"fa fa-hand-o-right\"><\/span> Leer m\u00e1s&#8230;<\/a><\/div>\n","protected":false},"author":1,"featured_media":1267,"comment_status":"closed","ping_status":"closed","sticky":false,"template":"","format":"standard","meta":{"footnotes":""},"categories":[3],"tags":[26,138,133,43,58,147,148,146,149],"_links":{"self":[{"href":"https:\/\/www.arte.unicen.edu.ar\/indees\/wp-json\/wp\/v2\/posts\/1266"}],"collection":[{"href":"https:\/\/www.arte.unicen.edu.ar\/indees\/wp-json\/wp\/v2\/posts"}],"about":[{"href":"https:\/\/www.arte.unicen.edu.ar\/indees\/wp-json\/wp\/v2\/types\/post"}],"author":[{"embeddable":true,"href":"https:\/\/www.arte.unicen.edu.ar\/indees\/wp-json\/wp\/v2\/users\/1"}],"replies":[{"embeddable":true,"href":"https:\/\/www.arte.unicen.edu.ar\/indees\/wp-json\/wp\/v2\/comments?post=1266"}],"version-history":[{"count":2,"href":"https:\/\/www.arte.unicen.edu.ar\/indees\/wp-json\/wp\/v2\/posts\/1266\/revisions"}],"predecessor-version":[{"id":1269,"href":"https:\/\/www.arte.unicen.edu.ar\/indees\/wp-json\/wp\/v2\/posts\/1266\/revisions\/1269"}],"wp:featuredmedia":[{"embeddable":true,"href":"https:\/\/www.arte.unicen.edu.ar\/indees\/wp-json\/wp\/v2\/media\/1267"}],"wp:attachment":[{"href":"https:\/\/www.arte.unicen.edu.ar\/indees\/wp-json\/wp\/v2\/media?parent=1266"}],"wp:term":[{"taxonomy":"category","embeddable":true,"href":"https:\/\/www.arte.unicen.edu.ar\/indees\/wp-json\/wp\/v2\/categories?post=1266"},{"taxonomy":"post_tag","embeddable":true,"href":"https:\/\/www.arte.unicen.edu.ar\/indees\/wp-json\/wp\/v2\/tags?post=1266"}],"curies":[{"name":"wp","href":"https:\/\/api.w.org\/{rel}","templated":true}]}}