{"id":1263,"date":"2022-10-28T12:46:57","date_gmt":"2022-10-28T15:46:57","guid":{"rendered":"https:\/\/www.arte.unicen.edu.ar\/indees\/?p=1263"},"modified":"2022-10-28T12:46:57","modified_gmt":"2022-10-28T15:46:57","slug":"congreso-internacional-de-escenografia-2022-conferencia-magistral-aby-cohen-brasil","status":"publish","type":"post","link":"https:\/\/www.arte.unicen.edu.ar\/indees\/congreso-internacional-de-escenografia-2022-conferencia-magistral-aby-cohen-brasil\/","title":{"rendered":"Congreso Internacional de Escenograf\u00eda 2022: Conferencia Magistral Aby Cohen (Brasil)"},"content":{"rendered":"\n<p>Aby Cohen, presidenta de la Organizaci\u00f3n Internacional de Escen\u00f3grafos, Arquitectos y T\u00e9cnicos Teatrales (OISTAT), participar\u00e1 del Congreso Internacional de Escenograf\u00eda 2022, presentando la conferencia magistral titulada \u201cEspacios compartidos de creaci\u00f3n, curadur\u00eda y formaci\u00f3n de colectivos en el contexto local y global\u201d, excepcional oportunidad para dialogar en torno a procesos internacionales de profesionalizaci\u00f3n en el \u00e1rea escenogr\u00e1fica.<\/p>\n\n\n\n<p>Escen\u00f3grafa y dise\u00f1adora en las \u00e1reas de teatro, exposiciones y cine, Aby Cohen, actualmente preside la Organizaci\u00f3n Internacional de Escen\u00f3grafos, Arquitectos y T\u00e9cnicos Teatrales (OISTAT). Comenz\u00f3 su carrera como escen\u00f3grafa en el grupo Macuna\u00edna Teatro, dirigido por Antunes Filho en 1992. Desde entonces ha trabajado con varias compa\u00f1\u00edas de teatro, directores y varias producciones independientes. A lo largo de su carrera, ha desarrollado una amplia experiencia, siendo una referencia importante el proyecto Terra Paulista en 2005. Es profesora en la Maestr\u00eda en Escenograf\u00eda en la Facultad de Bellas Artes en Sao Paulo. Fue invitada a trabajar como comisario internacional de PQ\u00b415 \u2013 Cuadrienal de Praga 2015.<\/p>\n\n\n\n<p><img loading=\"lazy\" decoding=\"async\" height=\"16\" width=\"16\" alt=\"\ud83d\udcc5\" src=\"https:\/\/static.xx.fbcdn.net\/images\/emoji.php\/v9\/t1d\/2\/16\/1f4c5.png\"> \u00bfCu\u00e1ndo? pr\u00f3ximo viernes 11 de noviembre, 12 hs<\/p>\n\n\n\n<p><img loading=\"lazy\" decoding=\"async\" height=\"16\" width=\"16\" alt=\"\ud83d\udccd\" src=\"https:\/\/static.xx.fbcdn.net\/images\/emoji.php\/v9\/tcc\/2\/16\/1f4cd.png\">\u00bfD\u00f3nde? Sala Guillermo de La Torre &#8211; Facultad de Arte (9 de julio 430)<\/p>\n\n\n\n<p>Organiza: Instituto de Estudios Escenogr\u00e1ficos en Artes Esc\u00e9nicas y Audiovisuales, Centro de Investigaciones Dram\u00e1ticas, Facultad de Arte de la Universidad Nacional del Centro de la Provincia de Buenos Aires (UNICEN).<\/p>\n\n\n\n<p>Apoya: Agencia Nacional de Promoci\u00f3n Cient\u00edfica y Tecnolog\u00eda, Fundaci\u00f3n Williams<\/p>\n\n\n\n<p>Auspicia: Instituto Nacional del Teatro, Consejo Provincial de Teatro Independiente de la Provincia de Buenos Aires, Direcci\u00f3n de Cultura, Municipalidad de Tandil<\/p>\n\n\n\n<p>\u00a1L@s esperamos en Tandil!<\/p>\n\n\n\n<p><a href=\"https:\/\/www.facebook.com\/hashtag\/oistat?__eep__=6&amp;__cft__[0]=AZX8k_VPebRqvjzfAN_b-WJ78bLA1urJRrvCGJn7J9d_z1tcmjNN0NIB-MT59qfStnQ49R5WpkutEsWVR6n7kuu8sJxUbA9VAl6nvPWz6A6SAV87bQ8SksjyETQCRMWfKU4&amp;__tn__=*NK-R\">#oistat<\/a><a href=\"https:\/\/www.facebook.com\/hashtag\/escenograf%C3%ADa?__eep__=6&amp;__cft__[0]=AZX8k_VPebRqvjzfAN_b-WJ78bLA1urJRrvCGJn7J9d_z1tcmjNN0NIB-MT59qfStnQ49R5WpkutEsWVR6n7kuu8sJxUbA9VAl6nvPWz6A6SAV87bQ8SksjyETQCRMWfKU4&amp;__tn__=*NK-R\">#escenograf\u00eda<\/a><a href=\"https:\/\/www.facebook.com\/hashtag\/direcci%C3%B3ndearte?__eep__=6&amp;__cft__[0]=AZX8k_VPebRqvjzfAN_b-WJ78bLA1urJRrvCGJn7J9d_z1tcmjNN0NIB-MT59qfStnQ49R5WpkutEsWVR6n7kuu8sJxUbA9VAl6nvPWz6A6SAV87bQ8SksjyETQCRMWfKU4&amp;__tn__=*NK-R\">#direcci\u00f3ndearte<\/a><a href=\"https:\/\/www.facebook.com\/hashtag\/dise%C3%B1oesc%C3%A9nico?__eep__=6&amp;__cft__[0]=AZX8k_VPebRqvjzfAN_b-WJ78bLA1urJRrvCGJn7J9d_z1tcmjNN0NIB-MT59qfStnQ49R5WpkutEsWVR6n7kuu8sJxUbA9VAl6nvPWz6A6SAV87bQ8SksjyETQCRMWfKU4&amp;__tn__=*NK-R\">#dise\u00f1oesc\u00e9nico<\/a><a href=\"https:\/\/www.facebook.com\/hashtag\/indees?__eep__=6&amp;__cft__[0]=AZX8k_VPebRqvjzfAN_b-WJ78bLA1urJRrvCGJn7J9d_z1tcmjNN0NIB-MT59qfStnQ49R5WpkutEsWVR6n7kuu8sJxUbA9VAl6nvPWz6A6SAV87bQ8SksjyETQCRMWfKU4&amp;__tn__=*NK-R\">#INDEES<\/a><a href=\"https:\/\/www.facebook.com\/hashtag\/cid?__eep__=6&amp;__cft__[0]=AZX8k_VPebRqvjzfAN_b-WJ78bLA1urJRrvCGJn7J9d_z1tcmjNN0NIB-MT59qfStnQ49R5WpkutEsWVR6n7kuu8sJxUbA9VAl6nvPWz6A6SAV87bQ8SksjyETQCRMWfKU4&amp;__tn__=*NK-R\">#CID<\/a><a href=\"https:\/\/www.facebook.com\/hashtag\/congresointernacional?__eep__=6&amp;__cft__[0]=AZX8k_VPebRqvjzfAN_b-WJ78bLA1urJRrvCGJn7J9d_z1tcmjNN0NIB-MT59qfStnQ49R5WpkutEsWVR6n7kuu8sJxUbA9VAl6nvPWz6A6SAV87bQ8SksjyETQCRMWfKU4&amp;__tn__=*NK-R\">#congresointernacional<\/a><a href=\"https:\/\/www.facebook.com\/hashtag\/facultaddearte?__eep__=6&amp;__cft__[0]=AZX8k_VPebRqvjzfAN_b-WJ78bLA1urJRrvCGJn7J9d_z1tcmjNN0NIB-MT59qfStnQ49R5WpkutEsWVR6n7kuu8sJxUbA9VAl6nvPWz6A6SAV87bQ8SksjyETQCRMWfKU4&amp;__tn__=*NK-R\">#FacultaddeArte<\/a><a href=\"https:\/\/www.facebook.com\/hashtag\/unicen?__eep__=6&amp;__cft__[0]=AZX8k_VPebRqvjzfAN_b-WJ78bLA1urJRrvCGJn7J9d_z1tcmjNN0NIB-MT59qfStnQ49R5WpkutEsWVR6n7kuu8sJxUbA9VAl6nvPWz6A6SAV87bQ8SksjyETQCRMWfKU4&amp;__tn__=*NK-R\">#UNICEN<\/a><a href=\"https:\/\/www.facebook.com\/hashtag\/tandil?__eep__=6&amp;__cft__[0]=AZX8k_VPebRqvjzfAN_b-WJ78bLA1urJRrvCGJn7J9d_z1tcmjNN0NIB-MT59qfStnQ49R5WpkutEsWVR6n7kuu8sJxUbA9VAl6nvPWz6A6SAV87bQ8SksjyETQCRMWfKU4&amp;__tn__=*NK-R\">#Tandil<\/a><\/p>\n","protected":false},"excerpt":{"rendered":"<p>Aby Cohen, presidenta de la Organizaci\u00f3n Internacional de Escen\u00f3grafos, Arquitectos y T\u00e9cnicos Teatrales (OISTAT), participar\u00e1 del Congreso Internacional de Escenograf\u00eda 2022, presentando la conferencia magistral titulada \u201cEspacios compartidos de&#8230; <\/p>\n<div align=\"right\"><a href=\"https:\/\/www.arte.unicen.edu.ar\/indees\/congreso-internacional-de-escenografia-2022-conferencia-magistral-aby-cohen-brasil\/\" class=\"read-more\"><span class=\"fa fa-hand-o-right\"><\/span> Leer m\u00e1s&#8230;<\/a><\/div>\n","protected":false},"author":1,"featured_media":1264,"comment_status":"closed","ping_status":"closed","sticky":false,"template":"","format":"standard","meta":{"footnotes":""},"categories":[3],"tags":[5,138,43,58,90],"_links":{"self":[{"href":"https:\/\/www.arte.unicen.edu.ar\/indees\/wp-json\/wp\/v2\/posts\/1263"}],"collection":[{"href":"https:\/\/www.arte.unicen.edu.ar\/indees\/wp-json\/wp\/v2\/posts"}],"about":[{"href":"https:\/\/www.arte.unicen.edu.ar\/indees\/wp-json\/wp\/v2\/types\/post"}],"author":[{"embeddable":true,"href":"https:\/\/www.arte.unicen.edu.ar\/indees\/wp-json\/wp\/v2\/users\/1"}],"replies":[{"embeddable":true,"href":"https:\/\/www.arte.unicen.edu.ar\/indees\/wp-json\/wp\/v2\/comments?post=1263"}],"version-history":[{"count":1,"href":"https:\/\/www.arte.unicen.edu.ar\/indees\/wp-json\/wp\/v2\/posts\/1263\/revisions"}],"predecessor-version":[{"id":1265,"href":"https:\/\/www.arte.unicen.edu.ar\/indees\/wp-json\/wp\/v2\/posts\/1263\/revisions\/1265"}],"wp:featuredmedia":[{"embeddable":true,"href":"https:\/\/www.arte.unicen.edu.ar\/indees\/wp-json\/wp\/v2\/media\/1264"}],"wp:attachment":[{"href":"https:\/\/www.arte.unicen.edu.ar\/indees\/wp-json\/wp\/v2\/media?parent=1263"}],"wp:term":[{"taxonomy":"category","embeddable":true,"href":"https:\/\/www.arte.unicen.edu.ar\/indees\/wp-json\/wp\/v2\/categories?post=1263"},{"taxonomy":"post_tag","embeddable":true,"href":"https:\/\/www.arte.unicen.edu.ar\/indees\/wp-json\/wp\/v2\/tags?post=1263"}],"curies":[{"name":"wp","href":"https:\/\/api.w.org\/{rel}","templated":true}]}}