{"id":1258,"date":"2022-10-27T11:43:08","date_gmt":"2022-10-27T14:43:08","guid":{"rendered":"https:\/\/www.arte.unicen.edu.ar\/indees\/?p=1258"},"modified":"2022-10-27T11:45:10","modified_gmt":"2022-10-27T14:45:10","slug":"congreso-internacional-de-escenografia-2022-reconocimiento-a-la-trayectoria-y-conferencia-magistral-dr-jorge-dubatti-argentina","status":"publish","type":"post","link":"https:\/\/www.arte.unicen.edu.ar\/indees\/congreso-internacional-de-escenografia-2022-reconocimiento-a-la-trayectoria-y-conferencia-magistral-dr-jorge-dubatti-argentina\/","title":{"rendered":"Congreso Internacional de Escenograf\u00eda 2022: Reconocimiento a la trayectoria y Conferencia Magistral Dr. Jorge Dubatti (Argentina)"},"content":{"rendered":"\n<p><\/p>\n\n\n\n<p>El Dr. Jorge Dubatti, Director del Instituto de Artes del Espect\u00e1culo, Facultad de Filosof\u00eda y Letras, Universidad de Buenos Aires, Subdirector del Teatro Nacional Cervantes, ser\u00e1 distinguido en reconocimiento a su trayectoria y notable aporte a la investigaci\u00f3n en el \u00e1mbito teatral argentino y universal. Asimismo, el Dr. Dubatti, dictar\u00e1 la conferencia que dar\u00e1 por inaugurado el Congreso Internacional de Escenograf\u00eda en su edici\u00f3n 2022. Los invitamos a acompa\u00f1arnos en esta especial jornada.\u00a0<\/p>\n\n\n\n<p>Jorge Dubatti es Doctor en Historia y Teor\u00eda de las Artes (Universidad de Buenos Aires), cr\u00edtico, historiador y docente universitario especializado en teatro y artes. Es Director del Instituto de Artes del Espect\u00e1culo \u201cDr. Ra\u00fal H. Castagnino\u201d (UBA), subdirector del Teatro Nacional Cervantes y fundador de la Escuela de Espectadores de Buenos Aires, contribuyendo a abrir escuelas de espectadores en Argentina, Bolivia, Brasil, Colombia, Costa Rica, Espa\u00f1a, Francia, M\u00e9xico, Panam\u00e1, Per\u00fa, Uruguay, Venezuela. Coordina el \u00c1rea de Historia y Teor\u00eda Teatral en el Centro Cultural Rector Ricardo Rojas (UBA) y el \u00c1rea de Artes Esc\u00e9nicas del Departamento Art\u00edstico del Centro Cultural de la Cooperaci\u00f3n.&nbsp; Docente en las \u00e1reas de historia y teor\u00eda teatral en Universidades argentinas y extranjeras. Participa en el proyecto <em>\u00c9cole du Spectateur de Nouvelle Aquitaine<\/em> (Francia) para la creaci\u00f3n de la primera escuela de espectadores digital. Ha publicado m\u00e1s de cien vol\u00famenes sobre teatro argentino y universal.<\/p>\n\n\n\n<p><img loading=\"lazy\" decoding=\"async\" width=\"20\" height=\"20\" src=\"https:\/\/lh5.googleusercontent.com\/LV9gQSkgoUqwvEkAyfrpdQgCQnzSQpdMEzOtBKqN_hFmUgCp0QHRDHwvHvkpTZuOoia2ozOmzP9LXXPBrn8rSdTfZd4CwJe0lYrVxzmzacq209fyBfc7XQ4os3xMf0DXWbxkDOkSzDxB3ScqORiizI9tpM1KyQNF0puqXuo-EDptB3RvQvTZhqbIqQ\"> \u00bfCu\u00e1ndo? El pr\u00f3ximo mi\u00e9rcoles 9 de noviembre, a las 18 hs<\/p>\n\n\n\n<p><img loading=\"lazy\" decoding=\"async\" width=\"20\" height=\"20\" src=\"https:\/\/lh3.googleusercontent.com\/-t_rw0RMo_wFxcARtY-QJ10l01ANhnPmjXqvzkqPESgMlAjD4CJTC00zA_xtvs7GnT1M2O64HUyq55QAxJ7cQ75uA307tzNRmgw7rvHqdbOlIDj49KgrLB4f8EnXj0chwfxboizPkgufoZXpIXoyJDfYclN9j6QNmy2ohIhtQCumWLCy3ECinxRS2Q\"> \u00bfD\u00f3nde? Museo Municipal de Bellas Artes de Tandil (Chacabuco 357)<\/p>\n\n\n\n<p>Organiza: Instituto de Estudios Escenogr\u00e1ficos en Artes Esc\u00e9nicas y Audiovisuales, Centro de Investigaciones Dram\u00e1ticas, Facultad de Arte de la Universidad Nacional del Centro de la Provincia de Buenos Aires (UNICEN).<\/p>\n\n\n\n<p>Apoya: Agencia Nacional de Promoci\u00f3n Cient\u00edfica y Tecnolog\u00eda, Fundaci\u00f3n Williams<\/p>\n\n\n\n<p>Auspicia: Instituto Nacional del Teatro, Consejo Provincial de Teatro Independiente de la Provincia de Buenos Aires,&nbsp; Direcci\u00f3n de Cultura, Municipalidad de Tandil<\/p>\n\n\n\n<p>\u00a1L@s esperamos en Tandil!<\/p>\n\n\n\n<p>#escenograf\u00eda #direcci\u00f3ndearte #dise\u00f1oesc\u00e9nico #INDEES #CID #congresointernacional #FacultaddeArte #UNICEN #Tandil<\/p>\n","protected":false},"excerpt":{"rendered":"<p>El Dr. Jorge Dubatti, Director del Instituto de Artes del Espect\u00e1culo, Facultad de Filosof\u00eda y Letras, Universidad de Buenos Aires, Subdirector del Teatro Nacional Cervantes, ser\u00e1 distinguido en reconocimiento&#8230; <\/p>\n<div align=\"right\"><a href=\"https:\/\/www.arte.unicen.edu.ar\/indees\/congreso-internacional-de-escenografia-2022-reconocimiento-a-la-trayectoria-y-conferencia-magistral-dr-jorge-dubatti-argentina\/\" class=\"read-more\"><span class=\"fa fa-hand-o-right\"><\/span> Leer m\u00e1s&#8230;<\/a><\/div>\n","protected":false},"author":1,"featured_media":1259,"comment_status":"closed","ping_status":"closed","sticky":false,"template":"","format":"standard","meta":{"footnotes":""},"categories":[3],"tags":[144,138,43,58,63,145],"_links":{"self":[{"href":"https:\/\/www.arte.unicen.edu.ar\/indees\/wp-json\/wp\/v2\/posts\/1258"}],"collection":[{"href":"https:\/\/www.arte.unicen.edu.ar\/indees\/wp-json\/wp\/v2\/posts"}],"about":[{"href":"https:\/\/www.arte.unicen.edu.ar\/indees\/wp-json\/wp\/v2\/types\/post"}],"author":[{"embeddable":true,"href":"https:\/\/www.arte.unicen.edu.ar\/indees\/wp-json\/wp\/v2\/users\/1"}],"replies":[{"embeddable":true,"href":"https:\/\/www.arte.unicen.edu.ar\/indees\/wp-json\/wp\/v2\/comments?post=1258"}],"version-history":[{"count":3,"href":"https:\/\/www.arte.unicen.edu.ar\/indees\/wp-json\/wp\/v2\/posts\/1258\/revisions"}],"predecessor-version":[{"id":1262,"href":"https:\/\/www.arte.unicen.edu.ar\/indees\/wp-json\/wp\/v2\/posts\/1258\/revisions\/1262"}],"wp:featuredmedia":[{"embeddable":true,"href":"https:\/\/www.arte.unicen.edu.ar\/indees\/wp-json\/wp\/v2\/media\/1259"}],"wp:attachment":[{"href":"https:\/\/www.arte.unicen.edu.ar\/indees\/wp-json\/wp\/v2\/media?parent=1258"}],"wp:term":[{"taxonomy":"category","embeddable":true,"href":"https:\/\/www.arte.unicen.edu.ar\/indees\/wp-json\/wp\/v2\/categories?post=1258"},{"taxonomy":"post_tag","embeddable":true,"href":"https:\/\/www.arte.unicen.edu.ar\/indees\/wp-json\/wp\/v2\/tags?post=1258"}],"curies":[{"name":"wp","href":"https:\/\/api.w.org\/{rel}","templated":true}]}}