{"id":1254,"date":"2022-10-25T18:23:30","date_gmt":"2022-10-25T21:23:30","guid":{"rendered":"https:\/\/www.arte.unicen.edu.ar\/indees\/?p=1254"},"modified":"2022-10-25T18:23:30","modified_gmt":"2022-10-25T21:23:30","slug":"congreso-internacional-de-escenografia-2022-conferencia-magistral-jose-manuel-castanheira-portugal","status":"publish","type":"post","link":"https:\/\/www.arte.unicen.edu.ar\/indees\/congreso-internacional-de-escenografia-2022-conferencia-magistral-jose-manuel-castanheira-portugal\/","title":{"rendered":"Congreso Internacional de Escenograf\u00eda 2022: Conferencia Magistral Jos\u00e9 Manuel Castanheira (Portugal)\u00a0"},"content":{"rendered":"\n<p>Jos\u00e9 Manuel Castanheira, escen\u00f3grafo, profesor de la Universidad de Lisboa, Portugal, presentar\u00e1 la conferencia magistral \u201cUn lugar para transformar el tiempo\u201d oficiando de cierre a esta edici\u00f3n del Congreso Internacional de Escenograf\u00eda 2022. Su vasta trayectoria muestra un trabajo conducido por la reflexi\u00f3n pl\u00e1stica y arquitectural del espacio esc\u00e9nico, escenograf\u00eda para exposiciones y pintura. Su presencia en el congreso ser\u00e1 una oportunidad \u00fanica para conocer el trabajo de este notable profesional.<\/p>\n\n\n\n<p>Arquitecto, escen\u00f3grafo y pintor, Jos\u00e9 Manuel Castanheira, se ha Doctorado en Escenograf\u00eda y Arquitectura por la Facultad de Arquitectura de la Universidad de Lisboa, donde ejerce la docencia, adem\u00e1s de dirigir acciones formativas, becas y seminarios en Universidades y otras instituciones en Portugal, Espa\u00f1a, B\u00e9lgica, Francia, Rep\u00fablica Checa, Grecia, Italia, Cuba, Suiza y Brasil. Desde 2017, integra el jurado del Doctorado en Estudios Teatrales de la Universidad Sorbonne Nouvelle de Par\u00eds. En 2010 fue elegido miembro de la Real Academia de Bellas Artes de Espa\u00f1a, a la vez miembro fundador de la Asociaci\u00f3n Portuguesa de Escenograf\u00eda. Ha realizado m\u00e1s de 300 escenograf\u00edas en 16 pa\u00edses distintos y cuenta con varias publicaciones.<\/p>\n\n\n\n<p><img loading=\"lazy\" decoding=\"async\" height=\"16\" width=\"16\" src=\"https:\/\/static.xx.fbcdn.net\/images\/emoji.php\/v9\/t1d\/2\/16\/1f4c5.png\" alt=\"\ud83d\udcc5\"> \u00bfCu\u00e1ndo? pr\u00f3ximo s\u00e1bado 12 de noviembre, 11:15 hs<\/p>\n\n\n\n<p><img loading=\"lazy\" decoding=\"async\" height=\"16\" width=\"16\" src=\"https:\/\/static.xx.fbcdn.net\/images\/emoji.php\/v9\/tcc\/2\/16\/1f4cd.png\" alt=\"\ud83d\udccd\"> \u00bfD\u00f3nde? Museo Municipal de Bellas Artes Tandil (Chacabuco 357)<\/p>\n\n\n\n<p><\/p>\n\n\n\n<p>Organiza: Instituto de Estudios Escenogr\u00e1ficos en Artes Esc\u00e9nicas y Audiovisuales, Centro de Investigaciones Dram\u00e1ticas, Facultad de Arte de la Universidad Nacional del Centro de la Provincia de Buenos Aires (UNICEN).<\/p>\n\n\n\n<p>Apoya: Agencia Nacional de Promoci\u00f3n Cient\u00edfica y Tecnolog\u00eda, Fundaci\u00f3n Williams<\/p>\n\n\n\n<p>Auspicia: Instituto Nacional del Teatro, Consejo Provincial de Teatro Independiente de la Provincia de Buenos Aires, Direcci\u00f3n de Cultura, Municipalidad de Tandil<\/p>\n\n\n\n<p>\u00a1L@s esperamos en Tandil!<\/p>\n\n\n\n<p><a href=\"https:\/\/www.facebook.com\/hashtag\/escenograf%C3%ADa?__eep__=6&amp;__cft__[0]=AZWoxP-jwkGBMnbcopOcYER3Rvqv-tj3lpcTQ4zq2N4ZYv9Q_ZFFsiLVbr8LvxdSnVjhAlcI9Sm3yLrEaUAOf-0J1F9S5O84hYs0w1dW1lxcJWrJhdk5-21tJlLggehmvNJ3a64CwLo6eFbWgB3Mb9_AOUOOw-x5FVBvTIyZt8CYEWKl2HjgPi6jeQhIG6_9v8Q&amp;__tn__=*NK-R\">#escenograf\u00eda<\/a><a href=\"https:\/\/www.facebook.com\/hashtag\/direcci%C3%B3ndearte?__eep__=6&amp;__cft__[0]=AZWoxP-jwkGBMnbcopOcYER3Rvqv-tj3lpcTQ4zq2N4ZYv9Q_ZFFsiLVbr8LvxdSnVjhAlcI9Sm3yLrEaUAOf-0J1F9S5O84hYs0w1dW1lxcJWrJhdk5-21tJlLggehmvNJ3a64CwLo6eFbWgB3Mb9_AOUOOw-x5FVBvTIyZt8CYEWKl2HjgPi6jeQhIG6_9v8Q&amp;__tn__=*NK-R\"> <\/a><a href=\"https:\/\/www.facebook.com\/hashtag\/direcci%C3%B3ndearte?__eep__=6&amp;__cft__[0]=AZWoxP-jwkGBMnbcopOcYER3Rvqv-tj3lpcTQ4zq2N4ZYv9Q_ZFFsiLVbr8LvxdSnVjhAlcI9Sm3yLrEaUAOf-0J1F9S5O84hYs0w1dW1lxcJWrJhdk5-21tJlLggehmvNJ3a64CwLo6eFbWgB3Mb9_AOUOOw-x5FVBvTIyZt8CYEWKl2HjgPi6jeQhIG6_9v8Q&amp;__tn__=*NK-R\">#direcci\u00f3ndearte<\/a><a href=\"https:\/\/www.facebook.com\/hashtag\/dise%C3%B1oesc%C3%A9nico?__eep__=6&amp;__cft__[0]=AZWoxP-jwkGBMnbcopOcYER3Rvqv-tj3lpcTQ4zq2N4ZYv9Q_ZFFsiLVbr8LvxdSnVjhAlcI9Sm3yLrEaUAOf-0J1F9S5O84hYs0w1dW1lxcJWrJhdk5-21tJlLggehmvNJ3a64CwLo6eFbWgB3Mb9_AOUOOw-x5FVBvTIyZt8CYEWKl2HjgPi6jeQhIG6_9v8Q&amp;__tn__=*NK-R\"> <\/a><a href=\"https:\/\/www.facebook.com\/hashtag\/dise%C3%B1oesc%C3%A9nico?__eep__=6&amp;__cft__[0]=AZWoxP-jwkGBMnbcopOcYER3Rvqv-tj3lpcTQ4zq2N4ZYv9Q_ZFFsiLVbr8LvxdSnVjhAlcI9Sm3yLrEaUAOf-0J1F9S5O84hYs0w1dW1lxcJWrJhdk5-21tJlLggehmvNJ3a64CwLo6eFbWgB3Mb9_AOUOOw-x5FVBvTIyZt8CYEWKl2HjgPi6jeQhIG6_9v8Q&amp;__tn__=*NK-R\">#dise\u00f1oesc\u00e9nico<\/a><a href=\"https:\/\/www.facebook.com\/hashtag\/indees?__eep__=6&amp;__cft__[0]=AZWoxP-jwkGBMnbcopOcYER3Rvqv-tj3lpcTQ4zq2N4ZYv9Q_ZFFsiLVbr8LvxdSnVjhAlcI9Sm3yLrEaUAOf-0J1F9S5O84hYs0w1dW1lxcJWrJhdk5-21tJlLggehmvNJ3a64CwLo6eFbWgB3Mb9_AOUOOw-x5FVBvTIyZt8CYEWKl2HjgPi6jeQhIG6_9v8Q&amp;__tn__=*NK-R\"> <\/a><a href=\"https:\/\/www.facebook.com\/hashtag\/indees?__eep__=6&amp;__cft__[0]=AZWoxP-jwkGBMnbcopOcYER3Rvqv-tj3lpcTQ4zq2N4ZYv9Q_ZFFsiLVbr8LvxdSnVjhAlcI9Sm3yLrEaUAOf-0J1F9S5O84hYs0w1dW1lxcJWrJhdk5-21tJlLggehmvNJ3a64CwLo6eFbWgB3Mb9_AOUOOw-x5FVBvTIyZt8CYEWKl2HjgPi6jeQhIG6_9v8Q&amp;__tn__=*NK-R\">#INDEES<\/a><a href=\"https:\/\/www.facebook.com\/hashtag\/cid?__eep__=6&amp;__cft__[0]=AZWoxP-jwkGBMnbcopOcYER3Rvqv-tj3lpcTQ4zq2N4ZYv9Q_ZFFsiLVbr8LvxdSnVjhAlcI9Sm3yLrEaUAOf-0J1F9S5O84hYs0w1dW1lxcJWrJhdk5-21tJlLggehmvNJ3a64CwLo6eFbWgB3Mb9_AOUOOw-x5FVBvTIyZt8CYEWKl2HjgPi6jeQhIG6_9v8Q&amp;__tn__=*NK-R\"> <\/a><a href=\"https:\/\/www.facebook.com\/hashtag\/cid?__eep__=6&amp;__cft__[0]=AZWoxP-jwkGBMnbcopOcYER3Rvqv-tj3lpcTQ4zq2N4ZYv9Q_ZFFsiLVbr8LvxdSnVjhAlcI9Sm3yLrEaUAOf-0J1F9S5O84hYs0w1dW1lxcJWrJhdk5-21tJlLggehmvNJ3a64CwLo6eFbWgB3Mb9_AOUOOw-x5FVBvTIyZt8CYEWKl2HjgPi6jeQhIG6_9v8Q&amp;__tn__=*NK-R\">#CID<\/a><a href=\"https:\/\/www.facebook.com\/hashtag\/congresointernacional?__eep__=6&amp;__cft__[0]=AZWoxP-jwkGBMnbcopOcYER3Rvqv-tj3lpcTQ4zq2N4ZYv9Q_ZFFsiLVbr8LvxdSnVjhAlcI9Sm3yLrEaUAOf-0J1F9S5O84hYs0w1dW1lxcJWrJhdk5-21tJlLggehmvNJ3a64CwLo6eFbWgB3Mb9_AOUOOw-x5FVBvTIyZt8CYEWKl2HjgPi6jeQhIG6_9v8Q&amp;__tn__=*NK-R\"> <\/a><a href=\"https:\/\/www.facebook.com\/hashtag\/congresointernacional?__eep__=6&amp;__cft__[0]=AZWoxP-jwkGBMnbcopOcYER3Rvqv-tj3lpcTQ4zq2N4ZYv9Q_ZFFsiLVbr8LvxdSnVjhAlcI9Sm3yLrEaUAOf-0J1F9S5O84hYs0w1dW1lxcJWrJhdk5-21tJlLggehmvNJ3a64CwLo6eFbWgB3Mb9_AOUOOw-x5FVBvTIyZt8CYEWKl2HjgPi6jeQhIG6_9v8Q&amp;__tn__=*NK-R\">#congresointernacional<\/a><a href=\"https:\/\/www.facebook.com\/hashtag\/facultaddearte?__eep__=6&amp;__cft__[0]=AZWoxP-jwkGBMnbcopOcYER3Rvqv-tj3lpcTQ4zq2N4ZYv9Q_ZFFsiLVbr8LvxdSnVjhAlcI9Sm3yLrEaUAOf-0J1F9S5O84hYs0w1dW1lxcJWrJhdk5-21tJlLggehmvNJ3a64CwLo6eFbWgB3Mb9_AOUOOw-x5FVBvTIyZt8CYEWKl2HjgPi6jeQhIG6_9v8Q&amp;__tn__=*NK-R\"> <\/a><a href=\"https:\/\/www.facebook.com\/hashtag\/facultaddearte?__eep__=6&amp;__cft__[0]=AZWoxP-jwkGBMnbcopOcYER3Rvqv-tj3lpcTQ4zq2N4ZYv9Q_ZFFsiLVbr8LvxdSnVjhAlcI9Sm3yLrEaUAOf-0J1F9S5O84hYs0w1dW1lxcJWrJhdk5-21tJlLggehmvNJ3a64CwLo6eFbWgB3Mb9_AOUOOw-x5FVBvTIyZt8CYEWKl2HjgPi6jeQhIG6_9v8Q&amp;__tn__=*NK-R\">#FacultaddeArte<\/a><a href=\"https:\/\/www.facebook.com\/hashtag\/unicen?__eep__=6&amp;__cft__[0]=AZWoxP-jwkGBMnbcopOcYER3Rvqv-tj3lpcTQ4zq2N4ZYv9Q_ZFFsiLVbr8LvxdSnVjhAlcI9Sm3yLrEaUAOf-0J1F9S5O84hYs0w1dW1lxcJWrJhdk5-21tJlLggehmvNJ3a64CwLo6eFbWgB3Mb9_AOUOOw-x5FVBvTIyZt8CYEWKl2HjgPi6jeQhIG6_9v8Q&amp;__tn__=*NK-R\"> <\/a><a href=\"https:\/\/www.facebook.com\/hashtag\/unicen?__eep__=6&amp;__cft__[0]=AZWoxP-jwkGBMnbcopOcYER3Rvqv-tj3lpcTQ4zq2N4ZYv9Q_ZFFsiLVbr8LvxdSnVjhAlcI9Sm3yLrEaUAOf-0J1F9S5O84hYs0w1dW1lxcJWrJhdk5-21tJlLggehmvNJ3a64CwLo6eFbWgB3Mb9_AOUOOw-x5FVBvTIyZt8CYEWKl2HjgPi6jeQhIG6_9v8Q&amp;__tn__=*NK-R\">#UNICEN<\/a><a href=\"https:\/\/www.facebook.com\/hashtag\/tandil?__eep__=6&amp;__cft__[0]=AZWoxP-jwkGBMnbcopOcYER3Rvqv-tj3lpcTQ4zq2N4ZYv9Q_ZFFsiLVbr8LvxdSnVjhAlcI9Sm3yLrEaUAOf-0J1F9S5O84hYs0w1dW1lxcJWrJhdk5-21tJlLggehmvNJ3a64CwLo6eFbWgB3Mb9_AOUOOw-x5FVBvTIyZt8CYEWKl2HjgPi6jeQhIG6_9v8Q&amp;__tn__=*NK-R\"> <\/a><a href=\"https:\/\/www.facebook.com\/hashtag\/tandil?__eep__=6&amp;__cft__[0]=AZWoxP-jwkGBMnbcopOcYER3Rvqv-tj3lpcTQ4zq2N4ZYv9Q_ZFFsiLVbr8LvxdSnVjhAlcI9Sm3yLrEaUAOf-0J1F9S5O84hYs0w1dW1lxcJWrJhdk5-21tJlLggehmvNJ3a64CwLo6eFbWgB3Mb9_AOUOOw-x5FVBvTIyZt8CYEWKl2HjgPi6jeQhIG6_9v8Q&amp;__tn__=*NK-R\">#Tandil<\/a><\/p>\n\n\n\n<p><\/p>\n\n\n\n<p><\/p>\n","protected":false},"excerpt":{"rendered":"<p>Jos\u00e9 Manuel Castanheira, escen\u00f3grafo, profesor de la Universidad de Lisboa, Portugal, presentar\u00e1 la conferencia magistral \u201cUn lugar para transformar el tiempo\u201d oficiando de cierre a esta edici\u00f3n del Congreso&#8230; <\/p>\n<div align=\"right\"><a href=\"https:\/\/www.arte.unicen.edu.ar\/indees\/congreso-internacional-de-escenografia-2022-conferencia-magistral-jose-manuel-castanheira-portugal\/\" class=\"read-more\"><span class=\"fa fa-hand-o-right\"><\/span> Leer m\u00e1s&#8230;<\/a><\/div>\n","protected":false},"author":1,"featured_media":1255,"comment_status":"closed","ping_status":"closed","sticky":false,"template":"","format":"standard","meta":{"footnotes":""},"categories":[3],"tags":[144,138,58,140],"_links":{"self":[{"href":"https:\/\/www.arte.unicen.edu.ar\/indees\/wp-json\/wp\/v2\/posts\/1254"}],"collection":[{"href":"https:\/\/www.arte.unicen.edu.ar\/indees\/wp-json\/wp\/v2\/posts"}],"about":[{"href":"https:\/\/www.arte.unicen.edu.ar\/indees\/wp-json\/wp\/v2\/types\/post"}],"author":[{"embeddable":true,"href":"https:\/\/www.arte.unicen.edu.ar\/indees\/wp-json\/wp\/v2\/users\/1"}],"replies":[{"embeddable":true,"href":"https:\/\/www.arte.unicen.edu.ar\/indees\/wp-json\/wp\/v2\/comments?post=1254"}],"version-history":[{"count":1,"href":"https:\/\/www.arte.unicen.edu.ar\/indees\/wp-json\/wp\/v2\/posts\/1254\/revisions"}],"predecessor-version":[{"id":1256,"href":"https:\/\/www.arte.unicen.edu.ar\/indees\/wp-json\/wp\/v2\/posts\/1254\/revisions\/1256"}],"wp:featuredmedia":[{"embeddable":true,"href":"https:\/\/www.arte.unicen.edu.ar\/indees\/wp-json\/wp\/v2\/media\/1255"}],"wp:attachment":[{"href":"https:\/\/www.arte.unicen.edu.ar\/indees\/wp-json\/wp\/v2\/media?parent=1254"}],"wp:term":[{"taxonomy":"category","embeddable":true,"href":"https:\/\/www.arte.unicen.edu.ar\/indees\/wp-json\/wp\/v2\/categories?post=1254"},{"taxonomy":"post_tag","embeddable":true,"href":"https:\/\/www.arte.unicen.edu.ar\/indees\/wp-json\/wp\/v2\/tags?post=1254"}],"curies":[{"name":"wp","href":"https:\/\/api.w.org\/{rel}","templated":true}]}}