{"id":1081,"date":"2019-07-01T12:04:45","date_gmt":"2019-07-01T15:04:45","guid":{"rendered":"https:\/\/www.arte.unicen.edu.ar\/indees\/?p=1081"},"modified":"2019-07-01T12:04:45","modified_gmt":"2019-07-01T15:04:45","slug":"marcelo-jaureguiberry-en-la-cuatrienal-internacional-de-escenografia-pq-19-praga","status":"publish","type":"post","link":"https:\/\/www.arte.unicen.edu.ar\/indees\/marcelo-jaureguiberry-en-la-cuatrienal-internacional-de-escenografia-pq-19-praga\/","title":{"rendered":"Marcelo Jaureguiberry en la Cuatrienal  Internacional de Escenograf\u00eda (PQ 19- Praga)"},"content":{"rendered":"\n<p>Durante 10 d\u00edas Praga se convirti\u00f3 en la meca de los escen\u00f3grafos y dise\u00f1adores esc\u00e9nicos de todo el mundo. En esta edici\u00f3n, la n\u00famero 14, participaron 60 pa\u00edses, 6000 profesionales del sector, 800 artistas. El evento estuvo organizado por el Ministerio de Cultura de Rep\u00fablica Checa y se realiz\u00f3 en el Palacio de la Industria de Praga.<\/p>\n\n\n\n<p>La Cuatrienal de Dise\u00f1o y Espacio de Praga se estableci\u00f3 en 1967 para llevar lo mejor del dise\u00f1o en performance, escenograf\u00eda y arquitectura teatral a la vanguardia de las actividades culturales, que experimentar\u00edan artistas, profesionales y emergentes, as\u00ed como el p\u00fablico en general. Las exposiciones cuatrienales, festivales y programas educativos act\u00faan como un catalizador global para el progreso creativo al alentar la experimentaci\u00f3n, la creaci\u00f3n de redes, la innovaci\u00f3n y las futuras colaboraciones. PQ tiene como objetivo honrar, potenciar y celebrar el trabajo de dise\u00f1adores, artistas y arquitectos, al mismo tiempo que inspira y educa a las audiencias, que son el elemento m\u00e1s esencial de cualquier actuaci\u00f3n en vivo.<\/p>\n\n\n\n<p>En este marco el INDEES -Instituto de Estudios Escenogr\u00e1ficos en Artes Esc\u00e9nicas y Audiovisuales de la Facultad de Arte de la UNICEN- particip\u00f3 en la sesi\u00f3n TALK\/PQ como parte del grupo TELA\/TTLA \u201cLos teatros de Latinoam\u00e9rica\u201d que lleva a cargo una investigaci\u00f3n sobre la arquitectura teatral de Latinoam\u00e9rica y que coordina en argentina el director del INDEES, Dr. Marcelo Jaureguiberry.<\/p>\n\n\n\n<p>As\u00ed mismo en el marco del Encuentro Latinoamericano en la PQ19 el Doctor Jaureguiberry, present\u00f3 su libro \u201cCarlos Di Pasquo escen\u00f3grafo\u201d, galardonado el a\u00f1o pasado con el Premio Teatro del Mundo por la UBA,\u00a0 conjuntamente con las presentaciones realizadas por Jos\u00e9 Manuel Castanheira de la Universidad de Lisboa y Jos\u00e9 Luis Raymond de la Real Escuela Superior de Arte Dram\u00e1tico de Espa\u00f1a.<\/p>\n\n\n\n<p>Por otra parte,\nrealiz\u00f3 el lanzamiento del Congreso Internacional de Escenograf\u00eda a realizarse en\nTandil en mayo del 2020. El evento cont\u00f3 con la presencia del embajador de\nArgentina en la Republica Checa, Roberto Alejandro Salafia.<\/p>\n\n\n\n<p>En la foto: Marcelo Jaureguiberry, Doris Rosenberg (Brasil), Claudia Su\u00e1rez (Chile) y Jos\u00e9 Luis Ferrera (Espa\u00f1a) &#8211; TALK\/PQ 19 &#8211; PRESENTACI\u00d3N PROYECTO LOS TEATROS DE LATINOAM\u00c9RICA (TELA) <\/p>\n","protected":false},"excerpt":{"rendered":"<p>Durante 10 d\u00edas Praga se convirti\u00f3 en la meca de los escen\u00f3grafos y dise\u00f1adores esc\u00e9nicos de todo el mundo. En esta edici\u00f3n, la n\u00famero 14, participaron 60 pa\u00edses, 6000&#8230; <\/p>\n<div align=\"right\"><a href=\"https:\/\/www.arte.unicen.edu.ar\/indees\/marcelo-jaureguiberry-en-la-cuatrienal-internacional-de-escenografia-pq-19-praga\/\" class=\"read-more\"><span class=\"fa fa-hand-o-right\"><\/span> Leer m\u00e1s&#8230;<\/a><\/div>\n","protected":false},"author":1,"featured_media":1082,"comment_status":"closed","ping_status":"closed","sticky":false,"template":"","format":"standard","meta":{"footnotes":""},"categories":[3],"tags":[36,43,58,77,118],"_links":{"self":[{"href":"https:\/\/www.arte.unicen.edu.ar\/indees\/wp-json\/wp\/v2\/posts\/1081"}],"collection":[{"href":"https:\/\/www.arte.unicen.edu.ar\/indees\/wp-json\/wp\/v2\/posts"}],"about":[{"href":"https:\/\/www.arte.unicen.edu.ar\/indees\/wp-json\/wp\/v2\/types\/post"}],"author":[{"embeddable":true,"href":"https:\/\/www.arte.unicen.edu.ar\/indees\/wp-json\/wp\/v2\/users\/1"}],"replies":[{"embeddable":true,"href":"https:\/\/www.arte.unicen.edu.ar\/indees\/wp-json\/wp\/v2\/comments?post=1081"}],"version-history":[{"count":4,"href":"https:\/\/www.arte.unicen.edu.ar\/indees\/wp-json\/wp\/v2\/posts\/1081\/revisions"}],"predecessor-version":[{"id":1086,"href":"https:\/\/www.arte.unicen.edu.ar\/indees\/wp-json\/wp\/v2\/posts\/1081\/revisions\/1086"}],"wp:featuredmedia":[{"embeddable":true,"href":"https:\/\/www.arte.unicen.edu.ar\/indees\/wp-json\/wp\/v2\/media\/1082"}],"wp:attachment":[{"href":"https:\/\/www.arte.unicen.edu.ar\/indees\/wp-json\/wp\/v2\/media?parent=1081"}],"wp:term":[{"taxonomy":"category","embeddable":true,"href":"https:\/\/www.arte.unicen.edu.ar\/indees\/wp-json\/wp\/v2\/categories?post=1081"},{"taxonomy":"post_tag","embeddable":true,"href":"https:\/\/www.arte.unicen.edu.ar\/indees\/wp-json\/wp\/v2\/tags?post=1081"}],"curies":[{"name":"wp","href":"https:\/\/api.w.org\/{rel}","templated":true}]}}