{"id":137,"global_id":"www.arte.unicen.edu.ar\/entodas?id=137","global_id_lineage":["www.arte.unicen.edu.ar\/entodas?id=137"],"author":"2","status":"publish","date":"2026-08-20 10:35:15","date_utc":"2026-08-20 13:35:15","modified":"2026-08-20 10:48:19","modified_utc":"2026-08-20 13:48:19","url":"https:\/\/www.arte.unicen.edu.ar\/entodas\/event\/la-sangre-y-la-tierra-me-hablan-al-oido-teatro\/","rest_url":"https:\/\/www.arte.unicen.edu.ar\/entodas\/wp-json\/tribe\/events\/v1\/events\/137","title":"LA SANGRE Y LA TIERRA &#8230;ME HABLAN AL O\u00cdDO- Teatro","description":"<p><img fetchpriority=\"high\" decoding=\"async\" class=\"size-medium wp-image-138 aligncenter\" src=\"https:\/\/www.arte.unicen.edu.ar\/entodas\/wp-content\/uploads\/2026\/08\/SaveClip.App_772170381_18452942995186968_4971402158463019950_n-300x300.webp\" alt=\"\" width=\"300\" height=\"300\" srcset=\"https:\/\/www.arte.unicen.edu.ar\/entodas\/wp-content\/uploads\/2026\/08\/SaveClip.App_772170381_18452942995186968_4971402158463019950_n-300x300.webp 300w, https:\/\/www.arte.unicen.edu.ar\/entodas\/wp-content\/uploads\/2026\/08\/SaveClip.App_772170381_18452942995186968_4971402158463019950_n-1024x1024.webp 1024w, https:\/\/www.arte.unicen.edu.ar\/entodas\/wp-content\/uploads\/2026\/08\/SaveClip.App_772170381_18452942995186968_4971402158463019950_n-150x150.webp 150w, https:\/\/www.arte.unicen.edu.ar\/entodas\/wp-content\/uploads\/2026\/08\/SaveClip.App_772170381_18452942995186968_4971402158463019950_n-768x768.webp 768w, https:\/\/www.arte.unicen.edu.ar\/entodas\/wp-content\/uploads\/2026\/08\/SaveClip.App_772170381_18452942995186968_4971402158463019950_n.webp 1440w\" sizes=\"(max-width: 300px) 100vw, 300px\" \/><\/p>\n<p>&nbsp;<\/p>\n<p>LA SANGRE Y LA TIERRA &#8230;ME HABLAN AL O\u00cdDO,\u00a0 se presentar\u00e1 el Domingo 23 de Agosto a las 19 hs en la sala La Fabrica (Pinto 359)<\/p>\n<p>&#8220;&#8230;un Teatro para abrir&#8230;la percepci\u00f3n, la herida, el tiempo.<br \/>\nPara que el cuerpo recuerde lo que la cultura ha congelado.<br \/>\nPara que la tierra habl\u00e9,no como paisaje, sino como testigo.<br \/>\nEl escenario no es espacio. Es territorio.<br \/>\nTerritorio simb\u00f3lico, ritual, vibrante.&#8221;<\/p>\n<p>Sin barrera de boleter\u00eda!<br \/>\nEntrada libre y por cooperaci\u00f3n voluntaria.<br \/>\nReserva tu lugar<br \/>\n+54 9 249 452 5152<\/p>\n<p>&nbsp;<\/p>","excerpt":"","slug":"la-sangre-y-la-tierra-me-hablan-al-oido-teatro","image":{"url":"https:\/\/www.arte.unicen.edu.ar\/entodas\/wp-content\/uploads\/2026\/08\/SaveClip.App_772170381_18452942995186968_4971402158463019950_n.webp","id":138,"extension":"webp","width":1440,"height":1440,"filesize":102350,"sizes":{"medium":{"width":300,"height":300,"mime-type":"image\/webp","filesize":22200,"url":"https:\/\/www.arte.unicen.edu.ar\/entodas\/wp-content\/uploads\/2026\/08\/SaveClip.App_772170381_18452942995186968_4971402158463019950_n-300x300.webp"},"large":{"width":1024,"height":1024,"mime-type":"image\/webp","filesize":97824,"url":"https:\/\/www.arte.unicen.edu.ar\/entodas\/wp-content\/uploads\/2026\/08\/SaveClip.App_772170381_18452942995186968_4971402158463019950_n-1024x1024.webp"},"thumbnail":{"width":150,"height":150,"mime-type":"image\/webp","filesize":8102,"url":"https:\/\/www.arte.unicen.edu.ar\/entodas\/wp-content\/uploads\/2026\/08\/SaveClip.App_772170381_18452942995186968_4971402158463019950_n-150x150.webp"},"medium_large":{"width":768,"height":768,"mime-type":"image\/webp","filesize":69956,"url":"https:\/\/www.arte.unicen.edu.ar\/entodas\/wp-content\/uploads\/2026\/08\/SaveClip.App_772170381_18452942995186968_4971402158463019950_n-768x768.webp"}}},"all_day":false,"start_date":"2026-08-23 19:00:00","start_date_details":{"year":"2026","month":"08","day":"23","hour":"19","minutes":"00","seconds":"00"},"end_date":"2026-08-23 19:00:00","end_date_details":{"year":"2026","month":"08","day":"23","hour":"19","minutes":"00","seconds":"00"},"utc_start_date":"2026-08-23 22:00:00","utc_start_date_details":{"year":"2026","month":"08","day":"23","hour":"22","minutes":"00","seconds":"00"},"utc_end_date":"2026-08-23 22:00:00","utc_end_date_details":{"year":"2026","month":"08","day":"23","hour":"22","minutes":"00","seconds":"00"},"timezone":"America\/Argentina\/Buenos_Aires","timezone_abbr":"CMT","cost":"","cost_details":{"currency_symbol":"","currency_code":"","currency_position":"prefix","values":[]},"website":"","show_map":true,"show_map_link":true,"hide_from_listings":false,"sticky":false,"featured":false,"categories":[],"tags":[],"venue":[],"organizer":[],"json_ld":{"@context":"http:\/\/schema.org","@type":"Event","name":"LA SANGRE Y LA TIERRA &#8230;ME HABLAN AL O\u00cdDO- Teatro","description":"&lt;p&gt;&nbsp; LA SANGRE Y LA TIERRA ...ME HABLAN AL O\u00cdDO,\u00a0 se presentar\u00e1 el Domingo 23 de Agosto a las 19 hs en la sala La Fabrica (Pinto 359) &quot;...un Teatro para abrir...la percepci\u00f3n, la herida, el tiempo. Para que el cuerpo recuerde lo que la cultura ha congelado. Para que la tierra habl\u00e9,no como paisaje, sino como testigo. El escenario no es espacio. Es territorio. Territorio simb\u00f3lico, ritual, vibrante.&quot; Sin barrera de boleter\u00eda! Entrada libre y por cooperaci\u00f3n voluntaria. Reserva tu lugar +54 9 249 452 5152 &nbsp;&lt;\/p&gt;\\n","image":"https:\/\/www.arte.unicen.edu.ar\/entodas\/wp-content\/uploads\/2026\/08\/SaveClip.App_772170381_18452942995186968_4971402158463019950_n.webp","url":"https:\/\/www.arte.unicen.edu.ar\/entodas\/event\/la-sangre-y-la-tierra-me-hablan-al-oido-teatro\/","eventAttendanceMode":"https:\/\/schema.org\/OfflineEventAttendanceMode","eventStatus":"https:\/\/schema.org\/EventScheduled","startDate":"2026-08-23T19:00:00-03:00","endDate":"2026-08-23T19:00:00-03:00","performer":"Organization"}}