{"id":9890,"global_id":"www.arte.unicen.edu.ar\/entodas?id=9890","global_id_lineage":["www.arte.unicen.edu.ar\/entodas?id=9890"],"author":"5","status":"publish","date":"2024-09-13 11:00:05","date_utc":"2024-09-13 14:00:05","modified":"2024-09-13 11:00:05","modified_utc":"2024-09-13 14:00:05","url":"https:\/\/www.arte.unicen.edu.ar\/entodas\/?tribe_events=la-mario-relatos","rest_url":"https:\/\/www.arte.unicen.edu.ar\/entodas\/index.php?rest_route=\/tribe\/events\/v1\/events\/9890","title":"LA MARIO &#8211; Relatos","description":"<p><img loading=\"lazy\" decoding=\"async\" class=\"size-medium wp-image-9872 aligncenter\" src=\"https:\/\/www.arte.unicen.edu.ar\/entodas\/wp-content\/uploads\/2024\/09\/IMG-20240911-WA0005-240x300.jpg\" alt=\"\" width=\"240\" height=\"300\" srcset=\"https:\/\/www.arte.unicen.edu.ar\/entodas\/wp-content\/uploads\/2024\/09\/IMG-20240911-WA0005-240x300.jpg 240w, https:\/\/www.arte.unicen.edu.ar\/entodas\/wp-content\/uploads\/2024\/09\/IMG-20240911-WA0005-640x800.jpg 640w, https:\/\/www.arte.unicen.edu.ar\/entodas\/wp-content\/uploads\/2024\/09\/IMG-20240911-WA0005-768x960.jpg 768w, https:\/\/www.arte.unicen.edu.ar\/entodas\/wp-content\/uploads\/2024\/09\/IMG-20240911-WA0005.jpg 1024w\" sizes=\"(max-width: 240px) 100vw, 240px\" \/><\/p>\n<p>\u201cCuando salimos del hospital con mi mam\u00e1 nos fuimos a la pensi\u00f3n de Moncho, un italiano que apenas se le entend\u00eda lo que dec\u00eda. Siempre ten\u00eda un lugar para que las Mario pudieran dormir y tomar un mate aunque sea. Mam\u00e1 ten\u00eda 17 a\u00f1os y yo\u2026\u201d<\/p>\n<p>La Mario es un relato de fotos y palabras reconstruyendo una historia. Una ficci\u00f3n autobiogr\u00e1fica que se hizo Teatro.<\/p>\n<p><span class=\"x19la9d6 x1fc57z9 x6ikm8r x10wlt62 x19co3pv x1g5zs5t xfibh0p xiy17q3 x1xsqp64 x1lkfr7t xexx8yu x4uap5 x18d9i69 xkhd6sd\"><span class=\"xrtxmta x1bhl96m\">\ud83d\udcc6\u00a0<\/span><\/span>Fecha: viernes 13 de septiembre<br \/>\n<span class=\"x19la9d6 x1fc57z9 x6ikm8r x10wlt62 x19co3pv x1g5zs5t xfibh0p xiy17q3 x1xsqp64 x1lkfr7t xexx8yu x4uap5 x18d9i69 xkhd6sd\"><span class=\"xrtxmta x1bhl96m\">\ud83d\udd59\u00a0<\/span><\/span>Hora: 20:30hs<br \/>\n<span class=\"x19la9d6 x1fc57z9 x6ikm8r x10wlt62 x19co3pv x1g5zs5t xfibh0p xiy17q3 x1xsqp64 x1lkfr7t xexx8yu x4uap5 x18d9i69 xkhd6sd\"><span class=\"xrtxmta x1bhl96m\">\ud83d\udccd<\/span><\/span>Lugar: Espacio Cultural Nueve90 (Yrigoyen 990, Tandil)<\/p>\n<p>Anticipadas escalonadas 3000\/4000\/5000 al +54 9 249 432-7750<\/p>","excerpt":"","slug":"la-mario-relatos","image":{"url":"https:\/\/www.arte.unicen.edu.ar\/entodas\/wp-content\/uploads\/2024\/09\/IMG-20240911-WA0005.jpg","id":9872,"extension":"jpg","width":1024,"height":1280,"filesize":224635,"sizes":{"medium":{"width":240,"height":300,"mime-type":"image\/jpeg","filesize":16519,"url":"https:\/\/www.arte.unicen.edu.ar\/entodas\/wp-content\/uploads\/2024\/09\/IMG-20240911-WA0005-240x300.jpg"},"large":{"width":640,"height":800,"mime-type":"image\/jpeg","filesize":74550,"url":"https:\/\/www.arte.unicen.edu.ar\/entodas\/wp-content\/uploads\/2024\/09\/IMG-20240911-WA0005-640x800.jpg"},"thumbnail":{"width":390,"height":218,"mime-type":"image\/jpeg","filesize":17373,"url":"https:\/\/www.arte.unicen.edu.ar\/entodas\/wp-content\/uploads\/2024\/09\/IMG-20240911-WA0005-390x218.jpg"},"medium_large":{"width":768,"height":960,"mime-type":"image\/jpeg","filesize":96416,"url":"https:\/\/www.arte.unicen.edu.ar\/entodas\/wp-content\/uploads\/2024\/09\/IMG-20240911-WA0005-768x960.jpg"}}},"all_day":false,"start_date":"2024-09-13 20:30:00","start_date_details":{"year":"2024","month":"09","day":"13","hour":"20","minutes":"30","seconds":"00"},"end_date":"2024-09-13 20:30:00","end_date_details":{"year":"2024","month":"09","day":"13","hour":"20","minutes":"30","seconds":"00"},"utc_start_date":"2024-09-13 23:30:00","utc_start_date_details":{"year":"2024","month":"09","day":"13","hour":"23","minutes":"30","seconds":"00"},"utc_end_date":"2024-09-13 23:30:00","utc_end_date_details":{"year":"2024","month":"09","day":"13","hour":"23","minutes":"30","seconds":"00"},"timezone":"UTC-3","timezone_abbr":"UTC-3","cost":"","cost_details":{"currency_symbol":"","currency_code":"","currency_position":"prefix","values":[]},"website":"","show_map":true,"show_map_link":true,"hide_from_listings":false,"sticky":false,"featured":false,"categories":[],"tags":[],"venue":{"id":4817,"author":"4","status":"publish","date":"2022-03-22 13:07:49","date_utc":"2022-03-22 16:07:49","modified":"2022-03-22 13:07:49","modified_utc":"2022-03-22 16:07:49","url":"https:\/\/www.arte.unicen.edu.ar\/entodas\/?tribe_venue=nueve90","venue":"Nueve90","slug":"nueve90","address":"Yrigoyen 990","city":"Tandil","json_ld":{"@type":"Place","name":"Nueve90","description":"","url":"","address":{"@type":"PostalAddress","streetAddress":"Yrigoyen 990","addressLocality":"Tandil"},"telephone":"","sameAs":""},"show_map":true,"show_map_link":true,"global_id":"www.arte.unicen.edu.ar\/entodas?id=4817","global_id_lineage":["www.arte.unicen.edu.ar\/entodas?id=4817"]},"organizer":[],"json_ld":{"@context":"http:\/\/schema.org","@type":"Event","name":"LA MARIO &#8211; Relatos","description":"&lt;p&gt;\u201cCuando salimos del hospital con mi mam\u00e1 nos fuimos a la pensi\u00f3n de Moncho, un italiano que apenas se le entend\u00eda lo que dec\u00eda. Siempre ten\u00eda un lugar para que las Mario pudieran dormir y tomar un mate aunque sea. Mam\u00e1 ten\u00eda 17 a\u00f1os y yo\u2026\u201d La Mario es un relato de fotos y palabras reconstruyendo una historia. Una ficci\u00f3n autobiogr\u00e1fica que se hizo Teatro. \ud83d\udcc6\u00a0Fecha: viernes 13 de septiembre \ud83d\udd59\u00a0Hora: 20:30hs \ud83d\udccdLugar: Espacio Cultural Nueve90 (Yrigoyen 990, Tandil) Anticipadas escalonadas 3000\/4000\/5000 al +54 9 249 432-7750&lt;\/p&gt;\\n","image":"https:\/\/www.arte.unicen.edu.ar\/entodas\/wp-content\/uploads\/2024\/09\/IMG-20240911-WA0005.jpg","url":"https:\/\/www.arte.unicen.edu.ar\/entodas\/?tribe_events=la-mario-relatos","eventAttendanceMode":"https:\/\/schema.org\/OfflineEventAttendanceMode","eventStatus":"https:\/\/schema.org\/EventScheduled","startDate":"2024-09-13T20:30:00-03:00","endDate":"2024-09-13T20:30:00-03:00","location":{"@type":"Place","name":"Nueve90","description":"","url":"","address":{"@type":"PostalAddress","streetAddress":"Yrigoyen 990","addressLocality":"Tandil"},"telephone":"","sameAs":""},"performer":"Organization"}}