{"id":9855,"global_id":"www.arte.unicen.edu.ar\/entodas?id=9855","global_id_lineage":["www.arte.unicen.edu.ar\/entodas?id=9855"],"author":"5","status":"publish","date":"2024-09-06 12:03:13","date_utc":"2024-09-06 15:03:13","modified":"2024-09-06 12:10:56","modified_utc":"2024-09-06 15:10:56","url":"https:\/\/www.arte.unicen.edu.ar\/entodas\/?tribe_events=la-crecida-cine","rest_url":"https:\/\/www.arte.unicen.edu.ar\/entodas\/index.php?rest_route=\/tribe\/events\/v1\/events\/9855","title":"LA CRECIDA &#8211; Cine","description":"<p><img loading=\"lazy\" decoding=\"async\" class=\"size-medium wp-image-9852 aligncenter\" src=\"https:\/\/www.arte.unicen.edu.ar\/entodas\/wp-content\/uploads\/2024\/09\/458165419_1007485424508395_3578219126412176563_n-1-297x300.jpg\" alt=\"\" width=\"297\" height=\"300\" srcset=\"https:\/\/www.arte.unicen.edu.ar\/entodas\/wp-content\/uploads\/2024\/09\/458165419_1007485424508395_3578219126412176563_n-1-297x300.jpg 297w, https:\/\/www.arte.unicen.edu.ar\/entodas\/wp-content\/uploads\/2024\/09\/458165419_1007485424508395_3578219126412176563_n-1-793x800.jpg 793w, https:\/\/www.arte.unicen.edu.ar\/entodas\/wp-content\/uploads\/2024\/09\/458165419_1007485424508395_3578219126412176563_n-1-768x775.jpg 768w, https:\/\/www.arte.unicen.edu.ar\/entodas\/wp-content\/uploads\/2024\/09\/458165419_1007485424508395_3578219126412176563_n-1.jpg 1215w\" sizes=\"(max-width: 297px) 100vw, 297px\" \/><\/p>\n<div dir=\"auto\">La crecida<\/div>\n<div dir=\"auto\">Dir. Ezequiel Erriquez Mena<\/div>\n<div dir=\"auto\">Drama \u2013 SAM13 C\/R &#8211; 115 Min.<\/div>\n<div dir=\"auto\">Con: Natalia Schmechel, Marianela Campos, Antonio Buttinger.<\/div>\n<div dir=\"auto\">Lunes 9 sep 18h<\/div>\n<div dir=\"auto\">Funci\u00f3n especial \u2013 Libre y gratuita<\/div>\n<div dir=\"auto\">La construcci\u00f3n de una represa hidroel\u00e9ctrica altera la vida de una zona fronteriza entre Brasil y Misiones, obligando a los habitantes a mudarse a un nuevo barrio reci\u00e9n construido, porque el pueblo entero va a quedar bajo el agua. All\u00ed viven los Zucker, una familia multi\u00e9tnica que cruza los l\u00edmites de lo permitido y se debate entre migrar hacia la tierra brasile\u00f1a o quedarse en el pueblo donde est\u00e1n su historia y sus ra\u00edces.<\/div>\n<div dir=\"auto\">*Mejor Pel\u00edcula del Tandil Cine 2023<\/div>\n<div dir=\"auto\">*Mejor Actriz a Natalia Schmechel &#8211; Tandil Cine 2023<\/div>","excerpt":"","slug":"la-crecida-cine","image":false,"all_day":false,"start_date":"2024-09-09 18:00:00","start_date_details":{"year":"2024","month":"09","day":"09","hour":"18","minutes":"00","seconds":"00"},"end_date":"2024-09-09 18:00:00","end_date_details":{"year":"2024","month":"09","day":"09","hour":"18","minutes":"00","seconds":"00"},"utc_start_date":"2024-09-09 21:00:00","utc_start_date_details":{"year":"2024","month":"09","day":"09","hour":"21","minutes":"00","seconds":"00"},"utc_end_date":"2024-09-09 21:00:00","utc_end_date_details":{"year":"2024","month":"09","day":"09","hour":"21","minutes":"00","seconds":"00"},"timezone":"UTC-3","timezone_abbr":"UTC-3","cost":"","cost_details":{"currency_symbol":"","currency_code":"","currency_position":"prefix","values":[]},"website":"","show_map":true,"show_map_link":true,"hide_from_listings":false,"sticky":false,"featured":false,"categories":[],"tags":[],"venue":{"id":3646,"author":"1","status":"publish","date":"2019-03-27 14:07:41","date_utc":"2019-03-27 17:07:41","modified":"2019-06-25 13:31:16","modified_utc":"2019-06-25 16:31:16","url":"https:\/\/www.arte.unicen.edu.ar\/entodas\/?tribe_venue=espacion-incaa-unicen","venue":"Espacio Incaa &#8211; Unicen","slug":"espacion-incaa-unicen","address":"Yrigoyen 660","city":"Tandil","country":"Argentina","province":"Provincia de Buenos Aires","zip":"7000","phone":"0249 444-4555","stateprovince":"Provincia de Buenos Aires","json_ld":{"@type":"Place","name":"Espacio Incaa &#8211; Unicen","description":"","url":"","address":{"@type":"PostalAddress","streetAddress":"Yrigoyen 660","addressLocality":"Tandil","addressRegion":"Provincia de Buenos Aires","postalCode":"7000","addressCountry":"Argentina"},"telephone":"0249 444-4555","sameAs":""},"show_map":true,"show_map_link":true,"global_id":"www.arte.unicen.edu.ar\/entodas?id=3646","global_id_lineage":["www.arte.unicen.edu.ar\/entodas?id=3646"]},"organizer":[],"json_ld":{"@context":"http:\/\/schema.org","@type":"Event","name":"LA CRECIDA &#8211; Cine","description":"&lt;p&gt;La crecida Dir. Ezequiel Erriquez Mena Drama \u2013 SAM13 C\/R - 115 Min. Con: Natalia Schmechel, Marianela Campos, Antonio Buttinger. Lunes 9 sep 18h Funci\u00f3n especial \u2013 Libre y gratuita La construcci\u00f3n de una represa hidroel\u00e9ctrica altera la vida de una zona fronteriza entre Brasil y Misiones, obligando a los habitantes a mudarse a un nuevo barrio reci\u00e9n construido, porque el pueblo entero va a quedar bajo el agua. All\u00ed viven los Zucker, una familia multi\u00e9tnica que cruza los l\u00edmites de lo permitido y se debate entre migrar hacia la tierra brasile\u00f1a o quedarse en el pueblo donde est\u00e1n su historia y sus ra\u00edces. *Mejor Pel\u00edcula del Tandil Cine 2023 *Mejor Actriz a Natalia Schmechel - Tandil Cine 2023&lt;\/p&gt;\\n","url":"https:\/\/www.arte.unicen.edu.ar\/entodas\/?tribe_events=la-crecida-cine","eventAttendanceMode":"https:\/\/schema.org\/OfflineEventAttendanceMode","eventStatus":"https:\/\/schema.org\/EventScheduled","startDate":"2024-09-09T18:00:00-03:00","endDate":"2024-09-09T18:00:00-03:00","location":{"@type":"Place","name":"Espacio Incaa &#8211; Unicen","description":"","url":"","address":{"@type":"PostalAddress","streetAddress":"Yrigoyen 660","addressLocality":"Tandil","addressRegion":"Provincia de Buenos Aires","postalCode":"7000","addressCountry":"Argentina"},"telephone":"0249 444-4555","sameAs":""},"performer":"Organization"}}