{"id":9781,"global_id":"www.arte.unicen.edu.ar\/entodas?id=9781","global_id_lineage":["www.arte.unicen.edu.ar\/entodas?id=9781"],"author":"5","status":"publish","date":"2024-08-30 10:15:41","date_utc":"2024-08-30 13:15:41","modified":"2024-08-30 10:15:41","modified_utc":"2024-08-30 13:15:41","url":"https:\/\/www.arte.unicen.edu.ar\/entodas\/?tribe_events=tango-y-mas-musica","rest_url":"https:\/\/www.arte.unicen.edu.ar\/entodas\/index.php?rest_route=\/tribe\/events\/v1\/events\/9781","title":"TANGO Y M\u00c1S &#8211; M\u00fasica","description":"<p><img loading=\"lazy\" decoding=\"async\" class=\"alignnone size-medium wp-image-9756 aligncenter\" src=\"https:\/\/www.arte.unicen.edu.ar\/entodas\/wp-content\/uploads\/2024\/08\/456695698_10234190198525287_5554819804683756449_n-300x300.jpg\" alt=\"\" width=\"300\" height=\"300\" srcset=\"https:\/\/www.arte.unicen.edu.ar\/entodas\/wp-content\/uploads\/2024\/08\/456695698_10234190198525287_5554819804683756449_n-300x300.jpg 300w, https:\/\/www.arte.unicen.edu.ar\/entodas\/wp-content\/uploads\/2024\/08\/456695698_10234190198525287_5554819804683756449_n-800x800.jpg 800w, https:\/\/www.arte.unicen.edu.ar\/entodas\/wp-content\/uploads\/2024\/08\/456695698_10234190198525287_5554819804683756449_n-768x768.jpg 768w, https:\/\/www.arte.unicen.edu.ar\/entodas\/wp-content\/uploads\/2024\/08\/456695698_10234190198525287_5554819804683756449_n.jpg 1080w\" sizes=\"(max-width: 300px) 100vw, 300px\" \/><\/p>\n<p>&nbsp;<\/p>\n<p>Ver\u00f3nica Garc\u00eda junto a Miguel Valenzuela cantando en el Quincho Cultural. Luego del show te invitamos al micr\u00f3fono abierto!<\/p>\n<p>Reserva tu lugar al 2492 590986, la capacidad es limitada.<\/p>","excerpt":"","slug":"tango-y-mas-musica","image":{"url":"https:\/\/www.arte.unicen.edu.ar\/entodas\/wp-content\/uploads\/2024\/08\/456695698_10234190198525287_5554819804683756449_n.jpg","id":9756,"extension":"jpg","width":1080,"height":1080,"filesize":257057,"sizes":{"medium":{"width":300,"height":300,"mime-type":"image\/jpeg","filesize":20793,"url":"https:\/\/www.arte.unicen.edu.ar\/entodas\/wp-content\/uploads\/2024\/08\/456695698_10234190198525287_5554819804683756449_n-300x300.jpg"},"large":{"width":800,"height":800,"mime-type":"image\/jpeg","filesize":101274,"url":"https:\/\/www.arte.unicen.edu.ar\/entodas\/wp-content\/uploads\/2024\/08\/456695698_10234190198525287_5554819804683756449_n-800x800.jpg"},"thumbnail":{"width":390,"height":218,"mime-type":"image\/jpeg","filesize":19263,"url":"https:\/\/www.arte.unicen.edu.ar\/entodas\/wp-content\/uploads\/2024\/08\/456695698_10234190198525287_5554819804683756449_n-390x218.jpg"},"medium_large":{"width":768,"height":768,"mime-type":"image\/jpeg","filesize":94840,"url":"https:\/\/www.arte.unicen.edu.ar\/entodas\/wp-content\/uploads\/2024\/08\/456695698_10234190198525287_5554819804683756449_n-768x768.jpg"}}},"all_day":false,"start_date":"2024-08-30 21:00:00","start_date_details":{"year":"2024","month":"08","day":"30","hour":"21","minutes":"00","seconds":"00"},"end_date":"2024-08-30 21:00:00","end_date_details":{"year":"2024","month":"08","day":"30","hour":"21","minutes":"00","seconds":"00"},"utc_start_date":"2024-08-31 00:00:00","utc_start_date_details":{"year":"2024","month":"08","day":"31","hour":"00","minutes":"00","seconds":"00"},"utc_end_date":"2024-08-31 00:00:00","utc_end_date_details":{"year":"2024","month":"08","day":"31","hour":"00","minutes":"00","seconds":"00"},"timezone":"UTC-3","timezone_abbr":"UTC-3","cost":"","cost_details":{"currency_symbol":"","currency_code":"","currency_position":"prefix","values":[]},"website":"https:\/\/www.instagram.com\/p\/C_GALTuJdqk\/?igsh=Z3I1M3hnMXBocWdy","show_map":true,"show_map_link":true,"hide_from_listings":false,"sticky":false,"featured":false,"categories":[],"tags":[],"venue":{"id":9178,"author":"5","status":"publish","date":"2024-07-04 11:53:02","date_utc":"2024-07-04 14:53:02","modified":"2024-07-04 11:53:02","modified_utc":"2024-07-04 14:53:02","url":"https:\/\/www.arte.unicen.edu.ar\/entodas\/?tribe_venue=quincho-cutural","venue":"Quincho Cutural","slug":"quincho-cutural","address":"Montevideo 1451","city":"Tandil","country":"Argentina","province":"Buenos Aires","zip":"7000","phone":"2494 590986","stateprovince":"Buenos Aires","json_ld":{"@type":"Place","name":"Quincho Cutural","description":"","url":"","address":{"@type":"PostalAddress","streetAddress":"Montevideo 1451","addressLocality":"Tandil","addressRegion":"Buenos Aires","postalCode":"7000","addressCountry":"Argentina"},"telephone":"2494 590986","sameAs":""},"show_map":true,"show_map_link":true,"global_id":"www.arte.unicen.edu.ar\/entodas?id=9178","global_id_lineage":["www.arte.unicen.edu.ar\/entodas?id=9178"]},"organizer":[],"json_ld":{"@context":"http:\/\/schema.org","@type":"Event","name":"TANGO Y M\u00c1S &#8211; M\u00fasica","description":"&lt;p&gt;&nbsp; Ver\u00f3nica Garc\u00eda junto a Miguel Valenzuela cantando en el Quincho Cultural. Luego del show te invitamos al micr\u00f3fono abierto! Reserva tu lugar al 2492 590986, la capacidad es limitada.&lt;\/p&gt;\\n","image":"https:\/\/www.arte.unicen.edu.ar\/entodas\/wp-content\/uploads\/2024\/08\/456695698_10234190198525287_5554819804683756449_n.jpg","url":"https:\/\/www.arte.unicen.edu.ar\/entodas\/?tribe_events=tango-y-mas-musica","eventAttendanceMode":"https:\/\/schema.org\/OfflineEventAttendanceMode","eventStatus":"https:\/\/schema.org\/EventScheduled","startDate":"2024-08-30T21:00:00-03:00","endDate":"2024-08-30T21:00:00-03:00","location":{"@type":"Place","name":"Quincho Cutural","description":"","url":"","address":{"@type":"PostalAddress","streetAddress":"Montevideo 1451","addressLocality":"Tandil","addressRegion":"Buenos Aires","postalCode":"7000","addressCountry":"Argentina"},"telephone":"2494 590986","sameAs":""},"performer":"Organization"}}