{"id":9671,"global_id":"www.arte.unicen.edu.ar\/entodas?id=9671","global_id_lineage":["www.arte.unicen.edu.ar\/entodas?id=9671"],"author":"5","status":"publish","date":"2024-08-16 10:45:52","date_utc":"2024-08-16 13:45:52","modified":"2024-08-16 10:45:52","modified_utc":"2024-08-16 13:45:52","url":"https:\/\/www.arte.unicen.edu.ar\/entodas\/?tribe_events=historias-para-muchos-teatro","rest_url":"https:\/\/www.arte.unicen.edu.ar\/entodas\/index.php?rest_route=\/tribe\/events\/v1\/events\/9671","title":"HISTORIAS PARA MUCHOS &#8211; Teatro","description":"<p><img loading=\"lazy\" decoding=\"async\" class=\"size-medium wp-image-9634 aligncenter\" src=\"https:\/\/www.arte.unicen.edu.ar\/entodas\/wp-content\/uploads\/2024\/08\/nueve90-_-\ud83e\udd70-Este-sabado-17-de-agosto-continua-este-ciclo-pensado-para-las-infancias-_La-Payana-Cultural_.-\u2728-15hs-TALLER-DE-MASCARAS-Y-MONSTRUOS.-Un.-_-Instagram_page-0001-298x300.jpg\" alt=\"\" width=\"298\" height=\"300\" srcset=\"https:\/\/www.arte.unicen.edu.ar\/entodas\/wp-content\/uploads\/2024\/08\/nueve90-_-\ud83e\udd70-Este-sabado-17-de-agosto-continua-este-ciclo-pensado-para-las-infancias-_La-Payana-Cultural_.-\u2728-15hs-TALLER-DE-MASCARAS-Y-MONSTRUOS.-Un.-_-Instagram_page-0001-298x300.jpg 298w, https:\/\/www.arte.unicen.edu.ar\/entodas\/wp-content\/uploads\/2024\/08\/nueve90-_-\ud83e\udd70-Este-sabado-17-de-agosto-continua-este-ciclo-pensado-para-las-infancias-_La-Payana-Cultural_.-\u2728-15hs-TALLER-DE-MASCARAS-Y-MONSTRUOS.-Un.-_-Instagram_page-0001-796x800.jpg 796w, https:\/\/www.arte.unicen.edu.ar\/entodas\/wp-content\/uploads\/2024\/08\/nueve90-_-\ud83e\udd70-Este-sabado-17-de-agosto-continua-este-ciclo-pensado-para-las-infancias-_La-Payana-Cultural_.-\u2728-15hs-TALLER-DE-MASCARAS-Y-MONSTRUOS.-Un.-_-Instagram_page-0001-768x772.jpg 768w, https:\/\/www.arte.unicen.edu.ar\/entodas\/wp-content\/uploads\/2024\/08\/nueve90-_-\ud83e\udd70-Este-sabado-17-de-agosto-continua-este-ciclo-pensado-para-las-infancias-_La-Payana-Cultural_.-\u2728-15hs-TALLER-DE-MASCARAS-Y-MONSTRUOS.-Un.-_-Instagram_page-0001.jpg 915w\" sizes=\"(max-width: 298px) 100vw, 298px\" \/><\/p>\n<div class=\"_a9zs\"><\/div>\n<div class=\"x9f619 xjbqb8w x78zum5 x168nmei x13lgxp2 x5pf9jr xo71vjh x1xmf6yo x12nagc x1n2onr6 x1plvlek xryxfnj x1c4vz4f x2lah0s xdt5ytf xqjyukv x1qjc9v5 x1oa3qoh x1nhvcw1\">\n<p>Este s\u00e1bado 17 de agosto continua este ciclo pensado para las infancias, &#8220;La Payana Cultural&#8221;.<\/p>\n<p>\u2728 15hs TALLER DE MASCARAS Y MONSTRUOS.<br \/>\nUn espacio para amigarnos con los miedos, dar vida y crear las propias criaturas fant\u00e1sticas, de la mano de los profes de Arte Federico y Marina.<\/p>\n<p>\u2728 17hs FUNCI\u00d3N HISTORIAS PARA MUCHOS.<br \/>\nUna aventura payasa que narra las dificultades de Yico para recuperar la llave de su coraz\u00f3n.<br \/>\nUna obra para personas y personitas de 3 a 150 a\u00f1os.<\/p>\n<p>Act\u00faa: Francisco Spaccarotella<\/p>\n<p>\ud83d\udc8c Todas las propuestas son al sobre y con cupos limitados.<\/p>\n<p>Pueden reservarnos al 2494309248<\/p>\n<p>\ud83d\ude4c\ud83c\udfff Lxs esperamos en Irigoyen 990.<\/p>\n<p>@julisbratrue<br \/>\n@joseequiza<br \/>\n@juli_rabitti<br \/>\n@panchospaccarotella<br \/>\n@federicosuhurt<\/p>\n<\/div>","excerpt":"","slug":"historias-para-muchos-teatro","image":{"url":"https:\/\/www.arte.unicen.edu.ar\/entodas\/wp-content\/uploads\/2024\/08\/nueve90-_-\ud83e\udd70-Este-sabado-17-de-agosto-continua-este-ciclo-pensado-para-las-infancias-_La-Payana-Cultural_.-\u2728-15hs-TALLER-DE-MASCARAS-Y-MONSTRUOS.-Un.-_-Instagram_page-0001.jpg","id":9634,"extension":"jpg","width":915,"height":920,"filesize":197471,"sizes":{"medium":{"width":298,"height":300,"mime-type":"image\/jpeg","filesize":25727,"url":"https:\/\/www.arte.unicen.edu.ar\/entodas\/wp-content\/uploads\/2024\/08\/nueve90-_-\ud83e\udd70-Este-sabado-17-de-agosto-continua-este-ciclo-pensado-para-las-infancias-_La-Payana-Cultural_.-\u2728-15hs-TALLER-DE-MASCARAS-Y-MONSTRUOS.-Un.-_-Instagram_page-0001-298x300.jpg"},"large":{"width":796,"height":800,"mime-type":"image\/jpeg","filesize":109896,"url":"https:\/\/www.arte.unicen.edu.ar\/entodas\/wp-content\/uploads\/2024\/08\/nueve90-_-\ud83e\udd70-Este-sabado-17-de-agosto-continua-este-ciclo-pensado-para-las-infancias-_La-Payana-Cultural_.-\u2728-15hs-TALLER-DE-MASCARAS-Y-MONSTRUOS.-Un.-_-Instagram_page-0001-796x800.jpg"},"thumbnail":{"width":390,"height":218,"mime-type":"image\/jpeg","filesize":25431,"url":"https:\/\/www.arte.unicen.edu.ar\/entodas\/wp-content\/uploads\/2024\/08\/nueve90-_-\ud83e\udd70-Este-sabado-17-de-agosto-continua-este-ciclo-pensado-para-las-infancias-_La-Payana-Cultural_.-\u2728-15hs-TALLER-DE-MASCARAS-Y-MONSTRUOS.-Un.-_-Instagram_page-0001-390x218.jpg"},"medium_large":{"width":768,"height":772,"mime-type":"image\/jpeg","filesize":104864,"url":"https:\/\/www.arte.unicen.edu.ar\/entodas\/wp-content\/uploads\/2024\/08\/nueve90-_-\ud83e\udd70-Este-sabado-17-de-agosto-continua-este-ciclo-pensado-para-las-infancias-_La-Payana-Cultural_.-\u2728-15hs-TALLER-DE-MASCARAS-Y-MONSTRUOS.-Un.-_-Instagram_page-0001-768x772.jpg"}}},"all_day":false,"start_date":"2024-08-17 17:00:00","start_date_details":{"year":"2024","month":"08","day":"17","hour":"17","minutes":"00","seconds":"00"},"end_date":"2024-08-17 17:00:00","end_date_details":{"year":"2024","month":"08","day":"17","hour":"17","minutes":"00","seconds":"00"},"utc_start_date":"2024-08-17 20:00:00","utc_start_date_details":{"year":"2024","month":"08","day":"17","hour":"20","minutes":"00","seconds":"00"},"utc_end_date":"2024-08-17 20:00:00","utc_end_date_details":{"year":"2024","month":"08","day":"17","hour":"20","minutes":"00","seconds":"00"},"timezone":"UTC-3","timezone_abbr":"UTC-3","cost":"","cost_details":{"currency_symbol":"","currency_code":"","currency_position":"prefix","values":[]},"website":"https:\/\/www.instagram.com\/p\/C-qEQfBpwqv\/?igsh=MXM5emw1ZWt5dmRsYQ%3D%3D","show_map":true,"show_map_link":true,"hide_from_listings":false,"sticky":false,"featured":false,"categories":[],"tags":[],"venue":{"id":4817,"author":"4","status":"publish","date":"2022-03-22 13:07:49","date_utc":"2022-03-22 16:07:49","modified":"2022-03-22 13:07:49","modified_utc":"2022-03-22 16:07:49","url":"https:\/\/www.arte.unicen.edu.ar\/entodas\/?tribe_venue=nueve90","venue":"Nueve90","slug":"nueve90","address":"Yrigoyen 990","city":"Tandil","json_ld":{"@type":"Place","name":"Nueve90","description":"","url":"","address":{"@type":"PostalAddress","streetAddress":"Yrigoyen 990","addressLocality":"Tandil"},"telephone":"","sameAs":""},"show_map":true,"show_map_link":true,"global_id":"www.arte.unicen.edu.ar\/entodas?id=4817","global_id_lineage":["www.arte.unicen.edu.ar\/entodas?id=4817"]},"organizer":[],"json_ld":{"@context":"http:\/\/schema.org","@type":"Event","name":"HISTORIAS PARA MUCHOS &#8211; Teatro","description":"&lt;p&gt;Este s\u00e1bado 17 de agosto continua este ciclo pensado para las infancias, &quot;La Payana Cultural&quot;. \u2728 15hs TALLER DE MASCARAS Y MONSTRUOS. Un espacio para amigarnos con los miedos, dar vida y crear las propias criaturas fant\u00e1sticas, de la mano de los profes de Arte Federico y Marina. \u2728 17hs FUNCI\u00d3N HISTORIAS PARA MUCHOS. Una aventura payasa que narra las dificultades de Yico para recuperar la llave de su coraz\u00f3n. Una obra para personas y personitas de 3 a 150 a\u00f1os. Act\u00faa: Francisco Spaccarotella \ud83d\udc8c Todas las propuestas son al sobre y con cupos limitados. Pueden reservarnos al 2494309248 \ud83d\ude4c\ud83c\udfff Lxs esperamos en Irigoyen 990. @julisbratrue @joseequiza @juli_rabitti @panchospaccarotella @federicosuhurt&lt;\/p&gt;\\n","image":"https:\/\/www.arte.unicen.edu.ar\/entodas\/wp-content\/uploads\/2024\/08\/nueve90-_-\ud83e\udd70-Este-sabado-17-de-agosto-continua-este-ciclo-pensado-para-las-infancias-_La-Payana-Cultural_.-\u2728-15hs-TALLER-DE-MASCARAS-Y-MONSTRUOS.-Un.-_-Instagram_page-0001.jpg","url":"https:\/\/www.arte.unicen.edu.ar\/entodas\/?tribe_events=historias-para-muchos-teatro","eventAttendanceMode":"https:\/\/schema.org\/OfflineEventAttendanceMode","eventStatus":"https:\/\/schema.org\/EventScheduled","startDate":"2024-08-17T17:00:00-03:00","endDate":"2024-08-17T17:00:00-03:00","location":{"@type":"Place","name":"Nueve90","description":"","url":"","address":{"@type":"PostalAddress","streetAddress":"Yrigoyen 990","addressLocality":"Tandil"},"telephone":"","sameAs":""},"performer":"Organization"}}