{"id":9666,"global_id":"www.arte.unicen.edu.ar\/entodas?id=9666","global_id_lineage":["www.arte.unicen.edu.ar\/entodas?id=9666"],"author":"5","status":"publish","date":"2024-08-16 10:39:11","date_utc":"2024-08-16 13:39:11","modified":"2024-08-16 10:39:11","modified_utc":"2024-08-16 13:39:11","url":"https:\/\/www.arte.unicen.edu.ar\/entodas\/?tribe_events=la-variete-teatro-musica-y-poesia","rest_url":"https:\/\/www.arte.unicen.edu.ar\/entodas\/index.php?rest_route=\/tribe\/events\/v1\/events\/9666","title":"LA VARIET\u00c9 &#8211; Teatro, M\u00fasica y Poes\u00eda","description":"<p><img loading=\"lazy\" decoding=\"async\" class=\"size-medium wp-image-9667 aligncenter\" src=\"https:\/\/www.arte.unicen.edu.ar\/entodas\/wp-content\/uploads\/2024\/08\/CEFA-_-Este-viernes-se-viene-la-segunda-edicion-de-La-Variete-A-partir-de-las-18-en-la-Facultad-de-Arte\u2728-_-Instagram_page-0001-236x300.jpg\" alt=\"\" width=\"236\" height=\"300\" srcset=\"https:\/\/www.arte.unicen.edu.ar\/entodas\/wp-content\/uploads\/2024\/08\/CEFA-_-Este-viernes-se-viene-la-segunda-edicion-de-La-Variete-A-partir-de-las-18-en-la-Facultad-de-Arte\u2728-_-Instagram_page-0001-236x300.jpg 236w, https:\/\/www.arte.unicen.edu.ar\/entodas\/wp-content\/uploads\/2024\/08\/CEFA-_-Este-viernes-se-viene-la-segunda-edicion-de-La-Variete-A-partir-de-las-18-en-la-Facultad-de-Arte\u2728-_-Instagram_page-0001-631x800.jpg 631w, https:\/\/www.arte.unicen.edu.ar\/entodas\/wp-content\/uploads\/2024\/08\/CEFA-_-Este-viernes-se-viene-la-segunda-edicion-de-La-Variete-A-partir-de-las-18-en-la-Facultad-de-Arte\u2728-_-Instagram_page-0001.jpg 737w\" sizes=\"(max-width: 236px) 100vw, 236px\" \/><\/p>\n<p>Este viernes se viene la segunda edici\u00f3n de La Variete!<br \/>\nA partir de las 18 en la Facultad de Arte<\/p>","excerpt":"","slug":"la-variete-teatro-musica-y-poesia","image":{"url":"https:\/\/www.arte.unicen.edu.ar\/entodas\/wp-content\/uploads\/2024\/08\/CEFA-_-Este-viernes-se-viene-la-segunda-edicion-de-La-Variete-A-partir-de-las-18-en-la-Facultad-de-Arte\u2728-_-Instagram_page-0001.jpg","id":9667,"extension":"jpg","width":737,"height":935,"filesize":107105,"sizes":{"medium":{"width":236,"height":300,"mime-type":"image\/jpeg","filesize":12481,"url":"https:\/\/www.arte.unicen.edu.ar\/entodas\/wp-content\/uploads\/2024\/08\/CEFA-_-Este-viernes-se-viene-la-segunda-edicion-de-La-Variete-A-partir-de-las-18-en-la-Facultad-de-Arte\u2728-_-Instagram_page-0001-236x300.jpg"},"large":{"width":631,"height":800,"mime-type":"image\/jpeg","filesize":57877,"url":"https:\/\/www.arte.unicen.edu.ar\/entodas\/wp-content\/uploads\/2024\/08\/CEFA-_-Este-viernes-se-viene-la-segunda-edicion-de-La-Variete-A-partir-de-las-18-en-la-Facultad-de-Arte\u2728-_-Instagram_page-0001-631x800.jpg"},"thumbnail":{"width":390,"height":218,"mime-type":"image\/jpeg","filesize":13317,"url":"https:\/\/www.arte.unicen.edu.ar\/entodas\/wp-content\/uploads\/2024\/08\/CEFA-_-Este-viernes-se-viene-la-segunda-edicion-de-La-Variete-A-partir-de-las-18-en-la-Facultad-de-Arte\u2728-_-Instagram_page-0001-390x218.jpg"}}},"all_day":false,"start_date":"2024-08-16 18:00:00","start_date_details":{"year":"2024","month":"08","day":"16","hour":"18","minutes":"00","seconds":"00"},"end_date":"2024-08-16 18:00:00","end_date_details":{"year":"2024","month":"08","day":"16","hour":"18","minutes":"00","seconds":"00"},"utc_start_date":"2024-08-16 21:00:00","utc_start_date_details":{"year":"2024","month":"08","day":"16","hour":"21","minutes":"00","seconds":"00"},"utc_end_date":"2024-08-16 21:00:00","utc_end_date_details":{"year":"2024","month":"08","day":"16","hour":"21","minutes":"00","seconds":"00"},"timezone":"UTC-3","timezone_abbr":"UTC-3","cost":"","cost_details":{"currency_symbol":"","currency_code":"","currency_position":"prefix","values":[]},"website":"https:\/\/www.instagram.com\/p\/C-p4TMZJFJi\/?igsh=MXFsbWJqNm5jejU1aA%3D%3D","show_map":true,"show_map_link":true,"hide_from_listings":false,"sticky":false,"featured":false,"categories":[],"tags":[],"venue":{"id":3652,"author":"1","status":"publish","date":"2019-03-27 14:16:38","date_utc":"2019-03-27 17:16:38","modified":"2019-11-06 12:56:31","modified_utc":"2019-11-06 15:56:31","url":"https:\/\/www.arte.unicen.edu.ar\/entodas\/?tribe_venue=faculta-de-arte-unicen","venue":"Facultad de Arte &#8211; Unicen","slug":"faculta-de-arte-unicen","address":"9 de Julio 430","city":"Tandil","country":"Argentina","province":"Provincia de Buenos Aires","zip":"7000","stateprovince":"Provincia de Buenos Aires","json_ld":{"@type":"Place","name":"Facultad de Arte &#8211; Unicen","description":"","url":"","address":{"@type":"PostalAddress","streetAddress":"9 de Julio 430","addressLocality":"Tandil","addressRegion":"Provincia de Buenos Aires","postalCode":"7000","addressCountry":"Argentina"},"telephone":"","sameAs":""},"show_map":true,"show_map_link":true,"global_id":"www.arte.unicen.edu.ar\/entodas?id=3652","global_id_lineage":["www.arte.unicen.edu.ar\/entodas?id=3652"]},"organizer":[{"id":6852,"author":"4","status":"publish","date":"2022-09-15 09:43:53","date_utc":"2022-09-15 12:43:53","modified":"2022-09-15 09:43:53","modified_utc":"2022-09-15 12:43:53","url":"https:\/\/www.arte.unicen.edu.ar\/entodas\/?tribe_organizer=cefa","organizer":"CEFA","slug":"cefa","json_ld":{"@type":"Person","name":"CEFA","description":"","url":"","telephone":"","email":"","sameAs":""},"global_id":"www.arte.unicen.edu.ar\/entodas?id=6852","global_id_lineage":["www.arte.unicen.edu.ar\/entodas?id=6852"]}],"json_ld":{"@context":"http:\/\/schema.org","@type":"Event","name":"LA VARIET\u00c9 &#8211; Teatro, M\u00fasica y Poes\u00eda","description":"&lt;p&gt;Este viernes se viene la segunda edici\u00f3n de La Variete! A partir de las 18 en la Facultad de Arte&lt;\/p&gt;\\n","image":"https:\/\/www.arte.unicen.edu.ar\/entodas\/wp-content\/uploads\/2024\/08\/CEFA-_-Este-viernes-se-viene-la-segunda-edicion-de-La-Variete-A-partir-de-las-18-en-la-Facultad-de-Arte\u2728-_-Instagram_page-0001.jpg","url":"https:\/\/www.arte.unicen.edu.ar\/entodas\/?tribe_events=la-variete-teatro-musica-y-poesia","eventAttendanceMode":"https:\/\/schema.org\/OfflineEventAttendanceMode","eventStatus":"https:\/\/schema.org\/EventScheduled","startDate":"2024-08-16T18:00:00-03:00","endDate":"2024-08-16T18:00:00-03:00","location":{"@type":"Place","name":"Facultad de Arte &#8211; Unicen","description":"","url":"","address":{"@type":"PostalAddress","streetAddress":"9 de Julio 430","addressLocality":"Tandil","addressRegion":"Provincia de Buenos Aires","postalCode":"7000","addressCountry":"Argentina"},"telephone":"","sameAs":""},"organizer":{"@type":"Person","name":"CEFA","description":"","url":"","telephone":"","email":"","sameAs":""},"performer":"Organization"}}