{"id":9653,"global_id":"www.arte.unicen.edu.ar\/entodas?id=9653","global_id_lineage":["www.arte.unicen.edu.ar\/entodas?id=9653"],"author":"5","status":"publish","date":"2024-08-16 10:05:59","date_utc":"2024-08-16 13:05:59","modified":"2024-08-16 10:10:42","modified_utc":"2024-08-16 13:10:42","url":"https:\/\/www.arte.unicen.edu.ar\/entodas\/?tribe_events=hall-abierto-exposicion","rest_url":"https:\/\/www.arte.unicen.edu.ar\/entodas\/index.php?rest_route=\/tribe\/events\/v1\/events\/9653","title":"HALL ABIERTO &#8211; Exposici\u00f3n","description":"<p><img loading=\"lazy\" decoding=\"async\" class=\"size-medium wp-image-9654 aligncenter\" src=\"https:\/\/www.arte.unicen.edu.ar\/entodas\/wp-content\/uploads\/2024\/08\/454380706_1038459994950484_2397819255161019213_n-1-300x300.jpg\" alt=\"\" width=\"300\" height=\"300\" srcset=\"https:\/\/www.arte.unicen.edu.ar\/entodas\/wp-content\/uploads\/2024\/08\/454380706_1038459994950484_2397819255161019213_n-1-300x300.jpg 300w, https:\/\/www.arte.unicen.edu.ar\/entodas\/wp-content\/uploads\/2024\/08\/454380706_1038459994950484_2397819255161019213_n-1.jpg 526w\" sizes=\"(max-width: 300px) 100vw, 300px\" \/><\/p>\n<div class=\"html-div xdj266r x11i5rnm xat24cr x1mh8g0r xexx8yu x4uap5 x18d9i69 xkhd6sd\">\n<div class=\"html-div xdj266r x11i5rnm xat24cr x1mh8g0r xexx8yu x4uap5 x18d9i69 xkhd6sd\" dir=\"auto\">\n<div id=\":rf:\" class=\"x1iorvi4 x1pi30zi x1l90r2v x1swvt13\" data-ad-comet-preview=\"message\" data-ad-preview=\"message\">\n<div class=\"x78zum5 xdt5ytf xz62fqu x16ldp7u\">\n<div class=\"xu06os2 x1ok221b\">\n<div class=\"xdj266r x11i5rnm xat24cr x1mh8g0r x1vvkbs x126k92a\">\n<div dir=\"auto\">Del 13 de agosto al 1 de septiembre se presentar\u00e1 la Muestra &#8220;Ausencias&#8221; en el marco del proyecto de extensi\u00f3n Hall Abierto, la muestra se encuentra organizada por las artistas Nora Mendivil, Mar\u00eda del Carmen Nardella , Nancy Salle y la Secretaria de Extensi\u00f3n de la Facultad de Arte.<\/div>\n<div dir=\"auto\"><\/div>\n<div dir=\"auto\"><span class=\"html-span xexx8yu x4uap5 x18d9i69 xkhd6sd x1hl2dhg x16tdsg8 x1vvkbs x3nfvp2 x1j61x8r x1fcty0u xdj266r xat24cr xgzva0m xhhsvwb xxymvpz xlup9mm x1kky2od\"><img loading=\"lazy\" decoding=\"async\" class=\"xz74otr\" src=\"https:\/\/static.xx.fbcdn.net\/images\/emoji.php\/v9\/t51\/1\/16\/1f449.png\" alt=\"\ud83d\udc49\" width=\"16\" height=\"16\" \/><\/span>Estar\u00e1 disponible de lunes a viernes de 8 a 20 hs. en el hall de la Facultad de Arte -0 de Julio 430-<\/div>\n<\/div>\n<div class=\"x11i5rnm xat24cr x1mh8g0r x1vvkbs xtlvy1s x126k92a\">\n<div dir=\"auto\"><span class=\"html-span xexx8yu x4uap5 x18d9i69 xkhd6sd x1hl2dhg x16tdsg8 x1vvkbs x3nfvp2 x1j61x8r x1fcty0u xdj266r xat24cr xgzva0m xhhsvwb xxymvpz xlup9mm x1kky2od\"><img loading=\"lazy\" decoding=\"async\" class=\"xz74otr\" src=\"https:\/\/static.xx.fbcdn.net\/images\/emoji.php\/v9\/t2d\/1\/16\/1f4cd.png\" alt=\"\ud83d\udccd\" width=\"16\" height=\"16\" \/><\/span>Se invita a las escuelas a recorrer la muestra, con inscripci\u00f3n previa en el siguiente link: <span class=\"html-span xdj266r x11i5rnm xat24cr x1mh8g0r xexx8yu x4uap5 x18d9i69 xkhd6sd x1hl2dhg x16tdsg8 x1vvkbs\"><a class=\"x1i10hfl xjbqb8w x1ejq31n xd10rxx x1sy0etr x17r0tee x972fbf xcfux6l x1qhh985 xm0m39n x9f619 x1ypdohk xt0psk2 xe8uvvx xdj266r x11i5rnm xat24cr x1mh8g0r xexx8yu x4uap5 x18d9i69 xkhd6sd x16tdsg8 x1hl2dhg xggy1nq x1a2a7pz x1sur9pj xkrqix3 x1fey0fg\" role=\"link\" href=\"https:\/\/forms.gle\/pdD7rpUCsH7xaW4v7\" target=\"_blank\" rel=\"nofollow noopener noreferrer\">https:\/\/forms.gle\/pdD7rpUCsH7xaW4v7<\/a><\/span><\/div>\n<div dir=\"auto\"><span class=\"html-span xexx8yu x4uap5 x18d9i69 xkhd6sd x1hl2dhg x16tdsg8 x1vvkbs x3nfvp2 x1j61x8r x1fcty0u xdj266r xat24cr xgzva0m xhhsvwb xxymvpz xlup9mm x1kky2od\"><img loading=\"lazy\" decoding=\"async\" class=\"xz74otr\" src=\"https:\/\/static.xx.fbcdn.net\/images\/emoji.php\/v9\/t2d\/1\/16\/1f4cd.png\" alt=\"\ud83d\udccd\" width=\"16\" height=\"16\" \/><\/span>M\u00e1s info sobre la muestra en nuestra web:<\/div>\n<div dir=\"auto\"><span class=\"html-span xdj266r x11i5rnm xat24cr x1mh8g0r xexx8yu x4uap5 x18d9i69 xkhd6sd x1hl2dhg x16tdsg8 x1vvkbs\"><a class=\"x1i10hfl xjbqb8w x1ejq31n xd10rxx x1sy0etr x17r0tee x972fbf xcfux6l x1qhh985 xm0m39n x9f619 x1ypdohk xt0psk2 xe8uvvx xdj266r x11i5rnm xat24cr x1mh8g0r xexx8yu x4uap5 x18d9i69 xkhd6sd x16tdsg8 x1hl2dhg xggy1nq x1a2a7pz x1sur9pj xkrqix3 x1fey0fg\" role=\"link\" href=\"https:\/\/www.arte.unicen.edu.ar\/muestra-ausencias-hall-abierto\/\" target=\"_blank\" rel=\"nofollow noopener noreferrer\">https:\/\/www.arte.unicen.edu.ar\/muestra-ausencias-hall&#8230;\/<\/a><\/span><\/div>\n<div dir=\"auto\">@unicen_oficial<\/div>\n<\/div>\n<\/div>\n<\/div>\n<\/div>\n<\/div>\n<\/div>","excerpt":"","slug":"hall-abierto-exposicion","image":{"url":"https:\/\/www.arte.unicen.edu.ar\/entodas\/wp-content\/uploads\/2024\/08\/454380706_1038459994950484_2397819255161019213_n-1.jpg","id":9654,"extension":"jpg","width":526,"height":526,"filesize":39800,"sizes":{"medium":{"width":300,"height":300,"mime-type":"image\/jpeg","filesize":16278,"url":"https:\/\/www.arte.unicen.edu.ar\/entodas\/wp-content\/uploads\/2024\/08\/454380706_1038459994950484_2397819255161019213_n-1-300x300.jpg"},"thumbnail":{"width":390,"height":218,"mime-type":"image\/jpeg","filesize":14592,"url":"https:\/\/www.arte.unicen.edu.ar\/entodas\/wp-content\/uploads\/2024\/08\/454380706_1038459994950484_2397819255161019213_n-1-390x218.jpg"}}},"all_day":false,"start_date":"2024-08-13 08:00:00","start_date_details":{"year":"2024","month":"08","day":"13","hour":"08","minutes":"00","seconds":"00"},"end_date":"2024-09-01 20:00:00","end_date_details":{"year":"2024","month":"09","day":"01","hour":"20","minutes":"00","seconds":"00"},"utc_start_date":"2024-08-13 11:00:00","utc_start_date_details":{"year":"2024","month":"08","day":"13","hour":"11","minutes":"00","seconds":"00"},"utc_end_date":"2024-09-01 23:00:00","utc_end_date_details":{"year":"2024","month":"09","day":"01","hour":"23","minutes":"00","seconds":"00"},"timezone":"UTC-3","timezone_abbr":"UTC-3","cost":"","cost_details":{"currency_symbol":"","currency_code":"","currency_position":"prefix","values":[]},"website":"https:\/\/www.arte.unicen.edu.ar\/muestra-ausencias-hall-abierto\/","show_map":true,"show_map_link":true,"hide_from_listings":false,"sticky":false,"featured":false,"categories":[],"tags":[],"venue":{"id":3652,"author":"1","status":"publish","date":"2019-03-27 14:16:38","date_utc":"2019-03-27 17:16:38","modified":"2019-11-06 12:56:31","modified_utc":"2019-11-06 15:56:31","url":"https:\/\/www.arte.unicen.edu.ar\/entodas\/?tribe_venue=faculta-de-arte-unicen","venue":"Facultad de Arte &#8211; Unicen","slug":"faculta-de-arte-unicen","address":"9 de Julio 430","city":"Tandil","country":"Argentina","province":"Provincia de Buenos Aires","zip":"7000","stateprovince":"Provincia de Buenos Aires","json_ld":{"@type":"Place","name":"Facultad de Arte &#8211; Unicen","description":"","url":"","address":{"@type":"PostalAddress","streetAddress":"9 de Julio 430","addressLocality":"Tandil","addressRegion":"Provincia de Buenos Aires","postalCode":"7000","addressCountry":"Argentina"},"telephone":"","sameAs":""},"show_map":true,"show_map_link":true,"global_id":"www.arte.unicen.edu.ar\/entodas?id=3652","global_id_lineage":["www.arte.unicen.edu.ar\/entodas?id=3652"]},"organizer":[{"id":3653,"author":"1","status":"publish","date":"2019-03-27 14:16:39","date_utc":"2019-03-27 17:16:39","modified":"2019-03-27 14:16:39","modified_utc":"2019-03-27 17:16:39","url":"https:\/\/www.arte.unicen.edu.ar\/entodas\/?tribe_organizer=facultad-de-arte-unicen","organizer":"Facultad de Arte &#8211; Unicen","slug":"facultad-de-arte-unicen","phone":"02494 440631","website":"www.arte.unicen.edu.ar","json_ld":{"@type":"Person","name":"Facultad de Arte &#8211; Unicen","description":"","url":"http:\/\/www.arte.unicen.edu.ar","telephone":"02494 440631","email":"","sameAs":"http:\/\/www.arte.unicen.edu.ar"},"global_id":"www.arte.unicen.edu.ar\/entodas?id=3653","global_id_lineage":["www.arte.unicen.edu.ar\/entodas?id=3653"]}],"json_ld":{"@context":"http:\/\/schema.org","@type":"Event","name":"HALL ABIERTO &#8211; Exposici\u00f3n","description":"&lt;p&gt;Del 13 de agosto al 1 de septiembre se presentar\u00e1 la Muestra &quot;Ausencias&quot; en el marco del proyecto de extensi\u00f3n Hall Abierto, la muestra se encuentra organizada por las artistas Nora Mendivil, Mar\u00eda del Carmen Nardella , Nancy Salle y la Secretaria de Extensi\u00f3n de la Facultad de Arte. Estar\u00e1 disponible de lunes a viernes de 8 a 20 hs. en el hall de la Facultad de Arte -0 de Julio 430- Se invita a las escuelas a recorrer la muestra, con inscripci\u00f3n previa en el siguiente link: https:\/\/forms.gle\/pdD7rpUCsH7xaW4v7 M\u00e1s info sobre la muestra en nuestra web: https:\/\/www.arte.unicen.edu.ar\/muestra-ausencias-hall...\/ @unicen_oficial&lt;\/p&gt;\\n","image":"https:\/\/www.arte.unicen.edu.ar\/entodas\/wp-content\/uploads\/2024\/08\/454380706_1038459994950484_2397819255161019213_n-1.jpg","url":"https:\/\/www.arte.unicen.edu.ar\/entodas\/?tribe_events=hall-abierto-exposicion","eventAttendanceMode":"https:\/\/schema.org\/OfflineEventAttendanceMode","eventStatus":"https:\/\/schema.org\/EventScheduled","startDate":"2024-08-13T08:00:00-03:00","endDate":"2024-09-01T20:00:00-03:00","location":{"@type":"Place","name":"Facultad de Arte &#8211; Unicen","description":"","url":"","address":{"@type":"PostalAddress","streetAddress":"9 de Julio 430","addressLocality":"Tandil","addressRegion":"Provincia de Buenos Aires","postalCode":"7000","addressCountry":"Argentina"},"telephone":"","sameAs":""},"organizer":{"@type":"Person","name":"Facultad de Arte &#8211; Unicen","description":"","url":"http:\/\/www.arte.unicen.edu.ar","telephone":"02494 440631","email":"","sameAs":"http:\/\/www.arte.unicen.edu.ar"},"performer":"Organization"}}