{"id":8082,"global_id":"www.arte.unicen.edu.ar\/entodas?id=8082","global_id_lineage":["www.arte.unicen.edu.ar\/entodas?id=8082"],"author":"5","status":"publish","date":"2023-08-31 09:47:26","date_utc":"2023-08-31 12:47:26","modified":"2023-08-31 09:47:26","modified_utc":"2023-08-31 12:47:26","url":"https:\/\/www.arte.unicen.edu.ar\/entodas\/?tribe_events=carnaval-y-democracia-las-voces-de-los-pueblos","rest_url":"https:\/\/www.arte.unicen.edu.ar\/entodas\/index.php?rest_route=\/tribe\/events\/v1\/events\/8082","title":"Carnaval y Democracia. Las voces de los pueblos","description":"<p>&nbsp;<\/p>\n<p>La Facultad de Arte, junto con Cultura UNICEN, el Instituto Cultural de la provincia de Buenos Aires, el Ministerio de Cultura de la Naci\u00f3n, el Banco Credicoop y agrupaciones carnavaleras locales, organiza una propuesta para revalorizar el carnaval, la memoria y\u00a0 las identidades populares. En este marco,\u00a0<strong>Gualberto Coco Romero<\/strong>* recibir\u00e1 la declaraci\u00f3n de personalidad destacada de la cultura y de las artes, referente indiscutible del carnaval y de la po\u00e9tica de las murgas.<\/p>\n<div>\n<p dir=\"ltr\">A 40 a\u00f1os del retorno de la democracia, y celebrando los 35 a\u00f1os de la Facultad de Arte, el<strong>\u00a08 de septiembre -19:30hs.<\/strong>\u00a0en el Hall de la Facultad de Arte, 9 de julio 430-\u00a0se realizar\u00e1 la inauguraci\u00f3n de la\u00a0<em>Muestra Carnaval y Democracia<\/em>\u00a0en el Hall Abierto de la Facultad de Arte, la presentaci\u00f3n del libro \u201c<a href=\"https:\/\/www.arte.unicen.edu.ar\/wp-content\/uploads\/2023\/08\/BANDERINES-DE-FEBRERO-PRODUCTO-FINAL-RAIGAL-CANELA-LUJAN-9152-0.pdf\" target=\"_blank\" rel=\"noopener\"><em>Banderines de febrero. Historias del \u2018Carnaval de mi Tandil&#8217;\u201d<\/em><\/a>\u00a0 de Canela Raigal y el acto de\u00a0<em>reconocimiento a Coco Romero.\u00a0<\/em><\/p>\n<\/div>\n<p><img loading=\"lazy\" decoding=\"async\" class=\"\" src=\"https:\/\/www.arte.unicen.edu.ar\/wp-content\/uploads\/2023\/08\/Historias-del-Carnaval-de-mi-Tandil-1024x1011.jpg\" width=\"345\" height=\"341\" \/><\/p>","excerpt":"","slug":"carnaval-y-democracia-las-voces-de-los-pueblos","image":{"url":"https:\/\/www.arte.unicen.edu.ar\/entodas\/wp-content\/uploads\/2023\/08\/Historias-del-Carnaval-de-mi-Tandil-1024x1011-1.jpg","id":8083,"extension":"jpg","width":1024,"height":1011,"filesize":160478,"sizes":{"medium":{"width":300,"height":296,"mime-type":"image\/jpeg","filesize":33466,"url":"https:\/\/www.arte.unicen.edu.ar\/entodas\/wp-content\/uploads\/2023\/08\/Historias-del-Carnaval-de-mi-Tandil-1024x1011-1-300x296.jpg"},"large":{"width":800,"height":790,"mime-type":"image\/jpeg","filesize":108419,"url":"https:\/\/www.arte.unicen.edu.ar\/entodas\/wp-content\/uploads\/2023\/08\/Historias-del-Carnaval-de-mi-Tandil-1024x1011-1-800x790.jpg"},"thumbnail":{"width":390,"height":218,"mime-type":"image\/jpeg","filesize":30317,"url":"https:\/\/www.arte.unicen.edu.ar\/entodas\/wp-content\/uploads\/2023\/08\/Historias-del-Carnaval-de-mi-Tandil-1024x1011-1-390x218.jpg"},"medium_large":{"width":768,"height":758,"mime-type":"image\/jpeg","filesize":103280,"url":"https:\/\/www.arte.unicen.edu.ar\/entodas\/wp-content\/uploads\/2023\/08\/Historias-del-Carnaval-de-mi-Tandil-1024x1011-1-768x758.jpg"}}},"all_day":false,"start_date":"2023-09-08 19:30:00","start_date_details":{"year":"2023","month":"09","day":"08","hour":"19","minutes":"30","seconds":"00"},"end_date":"2023-09-08 19:30:00","end_date_details":{"year":"2023","month":"09","day":"08","hour":"19","minutes":"30","seconds":"00"},"utc_start_date":"2023-09-08 22:30:00","utc_start_date_details":{"year":"2023","month":"09","day":"08","hour":"22","minutes":"30","seconds":"00"},"utc_end_date":"2023-09-08 22:30:00","utc_end_date_details":{"year":"2023","month":"09","day":"08","hour":"22","minutes":"30","seconds":"00"},"timezone":"UTC-3","timezone_abbr":"UTC-3","cost":"","cost_details":{"currency_symbol":"","currency_code":"","currency_position":"prefix","values":[]},"website":"","show_map":true,"show_map_link":true,"hide_from_listings":false,"sticky":false,"featured":false,"categories":[{"name":"Presentacion de Libro","slug":"presentacion-de-libro","term_group":0,"term_taxonomy_id":54,"taxonomy":"tribe_events_cat","description":"","parent":0,"count":3,"filter":"raw","id":54,"urls":{"self":"https:\/\/www.arte.unicen.edu.ar\/entodas\/index.php?rest_route=\/tribe\/events\/v1\/categories\/54","collection":"https:\/\/www.arte.unicen.edu.ar\/entodas\/index.php?rest_route=\/tribe\/events\/v1\/categories"}}],"tags":[],"venue":{"id":3652,"author":"1","status":"publish","date":"2019-03-27 14:16:38","date_utc":"2019-03-27 17:16:38","modified":"2019-11-06 12:56:31","modified_utc":"2019-11-06 15:56:31","url":"https:\/\/www.arte.unicen.edu.ar\/entodas\/?tribe_venue=faculta-de-arte-unicen","venue":"Facultad de Arte &#8211; Unicen","slug":"faculta-de-arte-unicen","address":"9 de Julio 430","city":"Tandil","country":"Argentina","province":"Provincia de Buenos Aires","zip":"7000","stateprovince":"Provincia de Buenos Aires","json_ld":{"@type":"Place","name":"Facultad de Arte &#8211; Unicen","description":"","url":"","address":{"@type":"PostalAddress","streetAddress":"9 de Julio 430","addressLocality":"Tandil","addressRegion":"Provincia de Buenos Aires","postalCode":"7000","addressCountry":"Argentina"},"telephone":"","sameAs":""},"show_map":true,"show_map_link":true,"global_id":"www.arte.unicen.edu.ar\/entodas?id=3652","global_id_lineage":["www.arte.unicen.edu.ar\/entodas?id=3652"]},"organizer":[],"json_ld":{"@context":"http:\/\/schema.org","@type":"Event","name":"Carnaval y Democracia. Las voces de los pueblos","description":"&lt;p&gt;&nbsp; La Facultad de Arte, junto con Cultura UNICEN, el Instituto Cultural de la provincia de Buenos Aires, el Ministerio de Cultura de la Naci\u00f3n, el Banco Credicoop y agrupaciones carnavaleras locales, organiza una propuesta para revalorizar el carnaval, la memoria y\u00a0 las identidades populares. En este marco,\u00a0Gualberto Coco Romero* recibir\u00e1 la declaraci\u00f3n de personalidad destacada de la cultura y de las artes, referente indiscutible del carnaval y de la po\u00e9tica de las murgas. A 40 a\u00f1os del retorno de la democracia, y celebrando los 35 a\u00f1os de la Facultad de Arte, el\u00a08 de septiembre -19:30hs.\u00a0en el Hall de la Facultad de Arte, 9 de julio 430-\u00a0se realizar\u00e1 la inauguraci\u00f3n de la\u00a0Muestra Carnaval y Democracia\u00a0en el Hall Abierto de la Facultad de Arte, la presentaci\u00f3n del libro \u201cBanderines de febrero. Historias del \u2018Carnaval de mi Tandil\\'\u201d\u00a0 de Canela Raigal y el acto de\u00a0reconocimiento a Coco Romero.\u00a0&lt;\/p&gt;\\n","image":"https:\/\/www.arte.unicen.edu.ar\/entodas\/wp-content\/uploads\/2023\/08\/Historias-del-Carnaval-de-mi-Tandil-1024x1011-1.jpg","url":"https:\/\/www.arte.unicen.edu.ar\/entodas\/?tribe_events=carnaval-y-democracia-las-voces-de-los-pueblos","eventAttendanceMode":"https:\/\/schema.org\/OfflineEventAttendanceMode","eventStatus":"https:\/\/schema.org\/EventScheduled","startDate":"2023-09-08T19:30:00-03:00","endDate":"2023-09-08T19:30:00-03:00","location":{"@type":"Place","name":"Facultad de Arte &#8211; Unicen","description":"","url":"","address":{"@type":"PostalAddress","streetAddress":"9 de Julio 430","addressLocality":"Tandil","addressRegion":"Provincia de Buenos Aires","postalCode":"7000","addressCountry":"Argentina"},"telephone":"","sameAs":""},"performer":"Organization"}}