{"id":8035,"global_id":"www.arte.unicen.edu.ar\/entodas?id=8035","global_id_lineage":["www.arte.unicen.edu.ar\/entodas?id=8035"],"author":"5","status":"publish","date":"2023-08-17 11:00:06","date_utc":"2023-08-17 14:00:06","modified":"2023-08-17 11:04:17","modified_utc":"2023-08-17 14:04:17","url":"https:\/\/www.arte.unicen.edu.ar\/entodas\/?tribe_events=feria-del-libro-tandil-2","rest_url":"https:\/\/www.arte.unicen.edu.ar\/entodas\/index.php?rest_route=\/tribe\/events\/v1\/events\/8035","title":"Feria del libro","description":"<p>La Feria del Libro de Tandil es una de las m\u00e1s importantes del pa\u00eds, por la cantidad de expositores, de autores y por la presencia masiva de p\u00fablico que asiste durante los cinco d\u00edas consecutivos de realizaci\u00f3n.<\/p>\n<p>Este a\u00f1o, la 18\u00b0 edici\u00f3n de la feria se llevar\u00e1 a cabo desde el mi\u00e9rcoles 16 hasta domingo 20 de agosto en las instalaciones de la C\u00e1mara Empresaria de Tandil, ubicada en Mitre 856 de nuestra ciudad.<\/p>\n<p><img loading=\"lazy\" decoding=\"async\" class=\"alignnone size-medium wp-image-8036\" src=\"https:\/\/www.arte.unicen.edu.ar\/entodas\/wp-content\/uploads\/2023\/08\/FERIA-DEL-LIBRO-2023-1-1-1024x1024-1-300x300.jpg\" alt=\"\" width=\"300\" height=\"300\" srcset=\"https:\/\/www.arte.unicen.edu.ar\/entodas\/wp-content\/uploads\/2023\/08\/FERIA-DEL-LIBRO-2023-1-1-1024x1024-1-300x300.jpg 300w, https:\/\/www.arte.unicen.edu.ar\/entodas\/wp-content\/uploads\/2023\/08\/FERIA-DEL-LIBRO-2023-1-1-1024x1024-1-800x800.jpg 800w, https:\/\/www.arte.unicen.edu.ar\/entodas\/wp-content\/uploads\/2023\/08\/FERIA-DEL-LIBRO-2023-1-1-1024x1024-1-768x768.jpg 768w, https:\/\/www.arte.unicen.edu.ar\/entodas\/wp-content\/uploads\/2023\/08\/FERIA-DEL-LIBRO-2023-1-1-1024x1024-1.jpg 1024w\" sizes=\"(max-width: 300px) 100vw, 300px\" \/><\/p>","excerpt":"","slug":"feria-del-libro-tandil-2","image":{"url":"https:\/\/www.arte.unicen.edu.ar\/entodas\/wp-content\/uploads\/2023\/08\/FERIA-DEL-LIBRO-2023-1-1-1024x1024-1.jpg","id":8036,"extension":"jpg","width":1024,"height":1024,"filesize":148770,"sizes":{"medium":{"width":300,"height":300,"mime-type":"image\/jpeg","filesize":32997,"url":"https:\/\/www.arte.unicen.edu.ar\/entodas\/wp-content\/uploads\/2023\/08\/FERIA-DEL-LIBRO-2023-1-1-1024x1024-1-300x300.jpg"},"large":{"width":800,"height":800,"mime-type":"image\/jpeg","filesize":104879,"url":"https:\/\/www.arte.unicen.edu.ar\/entodas\/wp-content\/uploads\/2023\/08\/FERIA-DEL-LIBRO-2023-1-1-1024x1024-1-800x800.jpg"},"thumbnail":{"width":390,"height":218,"mime-type":"image\/jpeg","filesize":30107,"url":"https:\/\/www.arte.unicen.edu.ar\/entodas\/wp-content\/uploads\/2023\/08\/FERIA-DEL-LIBRO-2023-1-1-1024x1024-1-390x218.jpg"},"medium_large":{"width":768,"height":768,"mime-type":"image\/jpeg","filesize":99879,"url":"https:\/\/www.arte.unicen.edu.ar\/entodas\/wp-content\/uploads\/2023\/08\/FERIA-DEL-LIBRO-2023-1-1-1024x1024-1-768x768.jpg"}}},"all_day":false,"start_date":"2023-08-16 16:00:00","start_date_details":{"year":"2023","month":"08","day":"16","hour":"16","minutes":"00","seconds":"00"},"end_date":"2023-08-18 22:00:00","end_date_details":{"year":"2023","month":"08","day":"18","hour":"22","minutes":"00","seconds":"00"},"utc_start_date":"2023-08-16 19:00:00","utc_start_date_details":{"year":"2023","month":"08","day":"16","hour":"19","minutes":"00","seconds":"00"},"utc_end_date":"2023-08-19 01:00:00","utc_end_date_details":{"year":"2023","month":"08","day":"19","hour":"01","minutes":"00","seconds":"00"},"timezone":"UTC-3","timezone_abbr":"UTC-3","cost":"","cost_details":{"currency_symbol":"","currency_code":"","currency_position":"prefix","values":[]},"website":"http:\/\/feriadellibrotandil.com.ar\/","show_map":true,"show_map_link":true,"hide_from_listings":false,"sticky":false,"featured":false,"categories":[],"tags":[],"venue":{"id":8022,"author":"5","status":"publish","date":"2023-08-17 10:42:16","date_utc":"2023-08-17 13:42:16","modified":"2023-08-17 10:42:16","modified_utc":"2023-08-17 13:42:16","url":"https:\/\/www.arte.unicen.edu.ar\/entodas\/?tribe_venue=camara-empresarial-de-tandil","venue":"Camara  empresarial de tandil","slug":"camara-empresarial-de-tandil","address":"Mitre 856","city":"Tandil","country":"Argentina","province":"Buenos Aires","zip":"7000","stateprovince":"Buenos Aires","json_ld":{"@type":"Place","name":"Camara  empresarial de tandil","description":"","url":"","address":{"@type":"PostalAddress","streetAddress":"Mitre 856","addressLocality":"Tandil","addressRegion":"Buenos Aires","postalCode":"7000","addressCountry":"Argentina"},"telephone":"","sameAs":""},"show_map":true,"show_map_link":true,"global_id":"www.arte.unicen.edu.ar\/entodas?id=8022","global_id_lineage":["www.arte.unicen.edu.ar\/entodas?id=8022"]},"organizer":[{"id":8024,"author":"5","status":"publish","date":"2023-08-17 10:42:18","date_utc":"2023-08-17 13:42:18","modified":"2023-08-17 10:42:18","modified_utc":"2023-08-17 13:42:18","url":"https:\/\/www.arte.unicen.edu.ar\/entodas\/?tribe_organizer=municipio-de-tandil","organizer":"Municipio de Tandil","slug":"municipio-de-tandil","json_ld":{"@type":"Person","name":"Municipio de Tandil","description":"","url":"","telephone":"","email":"","sameAs":""},"global_id":"www.arte.unicen.edu.ar\/entodas?id=8024","global_id_lineage":["www.arte.unicen.edu.ar\/entodas?id=8024"]},{"id":8026,"author":"5","status":"publish","date":"2023-08-17 10:42:20","date_utc":"2023-08-17 13:42:20","modified":"2023-08-17 10:42:20","modified_utc":"2023-08-17 13:42:20","url":"https:\/\/www.arte.unicen.edu.ar\/entodas\/?tribe_organizer=asociacion-ferias-de-libro","organizer":"Asociacion ferias de libro","slug":"asociacion-ferias-de-libro","json_ld":{"@type":"Person","name":"Asociacion ferias de libro","description":"","url":"","telephone":"","email":"","sameAs":""},"global_id":"www.arte.unicen.edu.ar\/entodas?id=8026","global_id_lineage":["www.arte.unicen.edu.ar\/entodas?id=8026"]},{"id":8023,"author":"5","status":"publish","date":"2023-08-17 10:42:17","date_utc":"2023-08-17 13:42:17","modified":"2023-08-17 10:42:17","modified_utc":"2023-08-17 13:42:17","url":"https:\/\/www.arte.unicen.edu.ar\/entodas\/?tribe_organizer=unicen","organizer":"Unicen","slug":"unicen","json_ld":{"@type":"Person","name":"Unicen","description":"","url":"","telephone":"","email":"","sameAs":""},"global_id":"www.arte.unicen.edu.ar\/entodas?id=8023","global_id_lineage":["www.arte.unicen.edu.ar\/entodas?id=8023"]}],"json_ld":{"@context":"http:\/\/schema.org","@type":"Event","name":"Feria del libro","description":"&lt;p&gt;La Feria del Libro de Tandil es una de las m\u00e1s importantes del pa\u00eds, por la cantidad de expositores, de autores y por la presencia masiva de p\u00fablico que asiste durante los cinco d\u00edas consecutivos de realizaci\u00f3n. Este a\u00f1o, la 18\u00b0 edici\u00f3n de la feria se llevar\u00e1 a cabo desde el mi\u00e9rcoles 16 hasta domingo 20 de agosto en las instalaciones de la C\u00e1mara Empresaria de Tandil, ubicada en Mitre 856 de nuestra ciudad.&lt;\/p&gt;\\n","image":"https:\/\/www.arte.unicen.edu.ar\/entodas\/wp-content\/uploads\/2023\/08\/FERIA-DEL-LIBRO-2023-1-1-1024x1024-1.jpg","url":"https:\/\/www.arte.unicen.edu.ar\/entodas\/?tribe_events=feria-del-libro-tandil-2","eventAttendanceMode":"https:\/\/schema.org\/OfflineEventAttendanceMode","eventStatus":"https:\/\/schema.org\/EventScheduled","startDate":"2023-08-16T16:00:00-03:00","endDate":"2023-08-18T22:00:00-03:00","location":{"@type":"Place","name":"Camara  empresarial de tandil","description":"","url":"","address":{"@type":"PostalAddress","streetAddress":"Mitre 856","addressLocality":"Tandil","addressRegion":"Buenos Aires","postalCode":"7000","addressCountry":"Argentina"},"telephone":"","sameAs":""},"organizer":{"@type":"Person","name":"Municipio de Tandil","description":"","url":"","telephone":"","email":"","sameAs":""},"performer":"Organization"}}